{"id":105,"date":"2018-01-26T01:29:30","date_gmt":"2018-01-26T00:29:30","guid":{"rendered":"http:\/\/clicaclac.com\/?p=105"},"modified":"2018-01-26T01:29:51","modified_gmt":"2018-01-26T00:29:51","slug":"un-proche-de-benoit-hamon-en-garde-a-vue-pour-viol","status":"publish","type":"post","link":"https:\/\/clicaclac.com\/index.php\/2018\/01\/26\/un-proche-de-benoit-hamon-en-garde-a-vue-pour-viol\/","title":{"rendered":"Un proche de Beno\u00eet Hamon en garde \u00e0 vue pour viol"},"content":{"rendered":"<p>Comment presque accuser Beno\u00eet Hamon de viol\u00a0! Serait-il en partie responsable\u00a0?<\/p>\n<p>Quelques soit les sympathies que l\u2019on a ou pas pour Beno\u00eet Hamon, le pauvre, il n\u2019a rien \u00e0 voir avec cette affaire, mais il est l\u2019accroche du titre.<\/p>\n<p>Peut-\u00eatre qu\u2019en cherchant bien ces journalistes d\u2019investigation, pour viser Macron, pourraient trouver quelque chose \u00e0 reprocher au copain du fils de la concierge d\u2019un ami d\u2019enfance d\u2019un des enfants du voisin d\u2019un des flics qui patrouillent autour de l\u2019Elys\u00e9e\u00a0!<\/p>\n<p><strong>Cinq plaintes, dont une pour viol, visent Gilbert Cuzou, conseiller r\u00e9gional d&rsquo;\u00cele-de-France et ancien membre de la campagne pr\u00e9sidentielle du candidat PS.<\/strong><\/p>\n<p><img loading=\"lazy\" class=\"alignnone size-medium wp-image-106\" src=\"http:\/\/clicaclac.com\/wp-content\/uploads\/2018\/01\/Hamon-meeting-300x128.jpg\" alt=\"\" width=\"300\" height=\"128\" srcset=\"https:\/\/clicaclac.com\/wp-content\/uploads\/2018\/01\/Hamon-meeting-300x128.jpg 300w, https:\/\/clicaclac.com\/wp-content\/uploads\/2018\/01\/Hamon-meeting.jpg 660w\" sizes=\"(max-width: 300px) 100vw, 300px\" \/><\/p>\n<p>Selon des informations de Lib\u00e9ration, (reprise par tous les m\u00e9dias\u00a0: Le Point, L\u2019Express, Le Monde, Le Figaro\u2026) Gilbert Cuzou, conseiller r\u00e9gional d&rsquo;\u00cele-de-France, est en garde \u00e0 vue depuis le mardi 23 janvier et devrait \u00eatre d\u00e9f\u00e9r\u00e9 ce vendredi. Cinq plaintes auraient \u00e9t\u00e9 d\u00e9pos\u00e9es contre lui, dont une pour viol. L&rsquo;affaire a commenc\u00e9 en octobre quand cet ancien membre de la campagne pr\u00e9sidentielle de Beno\u00eet Hamon est vis\u00e9 par deux plaintes pour harc\u00e8lement et agression sexuelle. Une enqu\u00eate pr\u00e9liminaire avait alors \u00e9t\u00e9 ouverte par le parquet de Paris et Cuzou, mis \u00e0 l&rsquo;\u00e9cart. Depuis, trois nouvelles plaintes ont \u00e9t\u00e9 d\u00e9pos\u00e9es, dont une pour viol. Selon Lib\u00e9ration, les faits se seraient d\u00e9roul\u00e9s \u00e0 Paris dans la nuit du 10 au 11 juin 2017, soit \u00e0 la veille du second tour des l\u00e9gislatives. Toutes les victimes pr\u00e9sum\u00e9es ont particip\u00e9 \u00e0 la campagne du candidat socialiste, et trois d&rsquo;entre elles feraient partie de l&rsquo;\u00e9quipe de Gilbert Cuzou.<\/p>\n","protected":false},"excerpt":{"rendered":"<p>Comment presque accuser Beno\u00eet Hamon de viol\u00a0! Serait-il en partie responsable\u00a0? Quelques soit les sympathies que l\u2019on a ou pas pour Beno\u00eet Hamon, le pauvre, il n\u2019a rien \u00e0 voir avec cette affaire, mais il est l\u2019accroche du titre. Peut-\u00eatre qu\u2019en cherchant bien ces journalistes d\u2019investigation, pour viser Macron, pourraient trouver quelque chose \u00e0 reprocher [&hellip;]<\/p>\n","protected":false},"author":1,"featured_media":0,"comment_status":"open","ping_status":"open","sticky":false,"template":"","format":"standard","meta":[],"categories":[7],"tags":[],"_links":{"self":[{"href":"https:\/\/clicaclac.com\/index.php\/wp-json\/wp\/v2\/posts\/105"}],"collection":[{"href":"https:\/\/clicaclac.com\/index.php\/wp-json\/wp\/v2\/posts"}],"about":[{"href":"https:\/\/clicaclac.com\/index.php\/wp-json\/wp\/v2\/types\/post"}],"author":[{"embeddable":true,"href":"https:\/\/clicaclac.com\/index.php\/wp-json\/wp\/v2\/users\/1"}],"replies":[{"embeddable":true,"href":"https:\/\/clicaclac.com\/index.php\/wp-json\/wp\/v2\/comments?post=105"}],"version-history":[{"count":1,"href":"https:\/\/clicaclac.com\/index.php\/wp-json\/wp\/v2\/posts\/105\/revisions"}],"predecessor-version":[{"id":107,"href":"https:\/\/clicaclac.com\/index.php\/wp-json\/wp\/v2\/posts\/105\/revisions\/107"}],"wp:attachment":[{"href":"https:\/\/clicaclac.com\/index.php\/wp-json\/wp\/v2\/media?parent=105"}],"wp:term":[{"taxonomy":"category","embeddable":true,"href":"https:\/\/clicaclac.com\/index.php\/wp-json\/wp\/v2\/categories?post=105"},{"taxonomy":"post_tag","embeddable":true,"href":"https:\/\/clicaclac.com\/index.php\/wp-json\/wp\/v2\/tags?post=105"}],"curies":[{"name":"wp","href":"https:\/\/api.w.org\/{rel}","templated":true}]}}