{"id":141,"date":"2018-01-31T00:32:20","date_gmt":"2018-01-30T23:32:20","guid":{"rendered":"http:\/\/clicaclac.com\/?p=141"},"modified":"2018-01-31T00:32:20","modified_gmt":"2018-01-30T23:32:20","slug":"faire-revolution-violence","status":"publish","type":"post","link":"https:\/\/clicaclac.com\/index.php\/2018\/01\/31\/faire-revolution-violence\/","title":{"rendered":"Comment faire une r\u00e9volution sans violence ?"},"content":{"rendered":"<p>Simplement en accusant un ministre, un pr\u00e9sident, n\u2019importe qui et hop, il est aussit\u00f4t coupable et doit d\u00e9missionner de son poste.<\/p>\n<p>Le fait que l\u2019accusatrice soit une ancienne call-girl (ou escort-girl si vous pr\u00e9f\u00e9rez) condamn\u00e9 en 2004 pour chantage ne pr\u00e9sume en rien de sa sinc\u00e9rit\u00e9 mais, devrait pour le moins appeler les journalistes et certaines associations \u00e0 plus de retenue et \u00e0 v\u00e9rifier leurs sources avant d\u2019\u00e9mettre des accusations.<\/p>\n<p>Il est vrai que l\u2019on est ici dans la politique, l\u2019\u00e9thique n\u2019existe pas et tous les coups sont permis pour d\u00e9stabiliser l\u2019adversaire.<\/p>\n<p>Accusations de viol : une p\u00e9tition demande le d\u00e9part de G\u00e9rald Darmanin<\/p>\n<p>Le ministre a re\u00e7u le soutien du Premier ministre. \u00ab Quand un ministre est mis en cause pour viol, il ne peut pas rester au gouvernement \u00bb, clame la p\u00e9tition. (Source AFP)<\/p>\n<figure id=\"attachment_142\" aria-describedby=\"caption-attachment-142\" style=\"width: 880px\" class=\"wp-caption aligncenter\"><img loading=\"lazy\" class=\"wp-image-142 size-full\" src=\"http:\/\/clicaclac.com\/wp-content\/uploads\/2018\/01\/Gerald-Darmanin-Ministre-de-l-action-et-des-comptes-publics.jpg\" alt=\"\" width=\"880\" height=\"586\" srcset=\"https:\/\/clicaclac.com\/wp-content\/uploads\/2018\/01\/Gerald-Darmanin-Ministre-de-l-action-et-des-comptes-publics.jpg 880w, https:\/\/clicaclac.com\/wp-content\/uploads\/2018\/01\/Gerald-Darmanin-Ministre-de-l-action-et-des-comptes-publics-300x200.jpg 300w, https:\/\/clicaclac.com\/wp-content\/uploads\/2018\/01\/Gerald-Darmanin-Ministre-de-l-action-et-des-comptes-publics-768x511.jpg 768w, https:\/\/clicaclac.com\/wp-content\/uploads\/2018\/01\/Gerald-Darmanin-Ministre-de-l-action-et-des-comptes-publics-300x200@2x.jpg 600w\" sizes=\"(max-width: 880px) 100vw, 880px\" \/><figcaption id=\"caption-attachment-142\" class=\"wp-caption-text\">Gerald Darmanin Ministre de l&rsquo;action et des comptes publics<\/figcaption><\/figure>\n<p>Quatre f\u00e9ministes qui sont tomb\u00e9 bien bas pour faire \u00e9cho \u00e0 ce type de nouvelles, ont lanc\u00e9 dimanche une p\u00e9tition demandant au Premier ministre \u00c9douard Philippe de d\u00e9mettre de ses fonctions G\u00e9rald Darmanin. \u00ab Monsieur le Premier ministre, quand un ministre est mis en cause pour viol, il ne peut pas rester au gouvernement \u00bb, \u00e9crivent quatre militants f\u00e9ministes (Madeline Da Silva, Elliot Lepers, Clara Gonzales et Marie Cervetti) dans une p\u00e9tition lanc\u00e9e dans l&rsquo;apr\u00e8s-midi. Ils font valoir que Richard Ferrand, Fran\u00e7ois Bayrou, Marielle de Sarnez et Sylvie Goulard ont \u00e9t\u00e9 \u00ab imm\u00e9diatement pouss\u00e9s vers la sortie \u00bb lorsqu&rsquo;ils ont \u00e9t\u00e9 soup\u00e7onn\u00e9s, pour le premier, de favoritisme dans une affaire immobili\u00e8re, et pour les trois autres, d&rsquo;avoir eu des emplois fictifs au MoDem.<\/p>\n","protected":false},"excerpt":{"rendered":"<p>Simplement en accusant un ministre, un pr\u00e9sident, n\u2019importe qui et hop, il est aussit\u00f4t coupable et doit d\u00e9missionner de son poste. Le fait que l\u2019accusatrice soit une ancienne call-girl (ou escort-girl si vous pr\u00e9f\u00e9rez) condamn\u00e9 en 2004 pour chantage ne pr\u00e9sume en rien de sa sinc\u00e9rit\u00e9 mais, devrait pour le moins appeler les journalistes et [&hellip;]<\/p>\n","protected":false},"author":1,"featured_media":0,"comment_status":"open","ping_status":"open","sticky":false,"template":"","format":"standard","meta":[],"categories":[10],"tags":[],"_links":{"self":[{"href":"https:\/\/clicaclac.com\/index.php\/wp-json\/wp\/v2\/posts\/141"}],"collection":[{"href":"https:\/\/clicaclac.com\/index.php\/wp-json\/wp\/v2\/posts"}],"about":[{"href":"https:\/\/clicaclac.com\/index.php\/wp-json\/wp\/v2\/types\/post"}],"author":[{"embeddable":true,"href":"https:\/\/clicaclac.com\/index.php\/wp-json\/wp\/v2\/users\/1"}],"replies":[{"embeddable":true,"href":"https:\/\/clicaclac.com\/index.php\/wp-json\/wp\/v2\/comments?post=141"}],"version-history":[{"count":1,"href":"https:\/\/clicaclac.com\/index.php\/wp-json\/wp\/v2\/posts\/141\/revisions"}],"predecessor-version":[{"id":143,"href":"https:\/\/clicaclac.com\/index.php\/wp-json\/wp\/v2\/posts\/141\/revisions\/143"}],"wp:attachment":[{"href":"https:\/\/clicaclac.com\/index.php\/wp-json\/wp\/v2\/media?parent=141"}],"wp:term":[{"taxonomy":"category","embeddable":true,"href":"https:\/\/clicaclac.com\/index.php\/wp-json\/wp\/v2\/categories?post=141"},{"taxonomy":"post_tag","embeddable":true,"href":"https:\/\/clicaclac.com\/index.php\/wp-json\/wp\/v2\/tags?post=141"}],"curies":[{"name":"wp","href":"https:\/\/api.w.org\/{rel}","templated":true}]}}