{"id":146,"date":"2018-01-31T01:11:01","date_gmt":"2018-01-31T00:11:01","guid":{"rendered":"http:\/\/clicaclac.com\/?p=146"},"modified":"2018-01-31T01:11:01","modified_gmt":"2018-01-31T00:11:01","slug":"djihadistes-francais-condamnes-a-mort-france-interviendra","status":"publish","type":"post","link":"https:\/\/clicaclac.com\/index.php\/2018\/01\/31\/djihadistes-francais-condamnes-a-mort-france-interviendra\/","title":{"rendered":"Si des djihadistes fran\u00e7ais sont condamn\u00e9s \u00e0 mort, la France interviendra !"},"content":{"rendered":"<p>Dans l&rsquo;hypoth\u00e8se o\u00f9 un ressortissant fran\u00e7ais \u00e9tait condamn\u00e9 \u00e0 mort en Syrie ou en Irak, \u00abl&rsquo;\u00c9tat fran\u00e7ais interviendrait, en n\u00e9gociant avec l&rsquo;\u00c9tat en question (&#8230;) au cas par cas\u00bb, a d\u00e9clar\u00e9 la Garde des sceaux dimanche.<\/p>\n<figure id=\"attachment_147\" aria-describedby=\"caption-attachment-147\" style=\"width: 960px\" class=\"wp-caption aligncenter\"><img loading=\"lazy\" class=\"wp-image-147 size-full\" src=\"http:\/\/clicaclac.com\/wp-content\/uploads\/2018\/01\/Djiadistes-en-herbe.jpg\" alt=\"\" width=\"960\" height=\"519\" srcset=\"https:\/\/clicaclac.com\/wp-content\/uploads\/2018\/01\/Djiadistes-en-herbe.jpg 960w, https:\/\/clicaclac.com\/wp-content\/uploads\/2018\/01\/Djiadistes-en-herbe-300x162.jpg 300w, https:\/\/clicaclac.com\/wp-content\/uploads\/2018\/01\/Djiadistes-en-herbe-768x415.jpg 768w, https:\/\/clicaclac.com\/wp-content\/uploads\/2018\/01\/Djiadistes-en-herbe-300x162@2x.jpg 600w\" sizes=\"(max-width: 960px) 100vw, 960px\" \/><figcaption id=\"caption-attachment-147\" class=\"wp-caption-text\">Camps d\u2019entra\u00eenement de l\u2019EI au Kosovo et en Bosnie<\/figcaption><\/figure>\n<p>Nous attentions un d\u00e9veloppement dans l\u2019article expliquant que la France participerait au financement de leur ex\u00e9cution. Point nenni l\u2019hypocrisie est de mise\u00a0!<\/p>\n<p>Des hommes et des femmes qui ont tu\u00e9, viol\u00e9, fait assassiner, demande une justice qu\u2019ils ont pi\u00e9tin\u00e9, d\u00e9nigr\u00e9 et rejet\u00e9.Faut-il une justice tol\u00e9rante et cl\u00e9mence pour ces hommes et femmes qui n\u2019en ont pas\u00a0!Les Djihadistes d\u2019origine Fran\u00e7aise r\u00e9clament leur retour en France pour \u00eatre jug\u00e9\u00a0!<\/p>\n<p>Beau d\u00e9bat d\u2019intellectuel humaniste d\u00e9cal\u00e9 de toute r\u00e9alit\u00e9. Que fera-t-on d\u2019eux en France\u00a0?<\/p>\n<p>Les prisons sont pleines et aucun pays n\u2019a trouv\u00e9 \u00e0 ce jour de mod\u00e8le pour les incarc\u00e9rer sans risque pour les cod\u00e9tenues et les surveillants de prisons.<\/p>\n<figure id=\"attachment_148\" aria-describedby=\"caption-attachment-148\" style=\"width: 1280px\" class=\"wp-caption aligncenter\"><img loading=\"lazy\" class=\"wp-image-148 size-full\" src=\"http:\/\/clicaclac.com\/wp-content\/uploads\/2018\/01\/Djihadistes-Syrie.jpeg\" alt=\"\" width=\"1280\" height=\"720\" srcset=\"https:\/\/clicaclac.com\/wp-content\/uploads\/2018\/01\/Djihadistes-Syrie.jpeg 1280w, https:\/\/clicaclac.com\/wp-content\/uploads\/2018\/01\/Djihadistes-Syrie-300x169.jpeg 300w, https:\/\/clicaclac.com\/wp-content\/uploads\/2018\/01\/Djihadistes-Syrie-768x432.jpeg 768w, https:\/\/clicaclac.com\/wp-content\/uploads\/2018\/01\/Djihadistes-Syrie-1024x576.jpeg 1024w, https:\/\/clicaclac.com\/wp-content\/uploads\/2018\/01\/Djihadistes-Syrie-300x169@2x.jpeg 600w\" sizes=\"(max-width: 1280px) 100vw, 1280px\" \/><figcaption id=\"caption-attachment-148\" class=\"wp-caption-text\">Djiadistes en Syrie<\/figcaption><\/figure>\n","protected":false},"excerpt":{"rendered":"<p>Dans l&rsquo;hypoth\u00e8se o\u00f9 un ressortissant fran\u00e7ais \u00e9tait condamn\u00e9 \u00e0 mort en Syrie ou en Irak, \u00abl&rsquo;\u00c9tat fran\u00e7ais interviendrait, en n\u00e9gociant avec l&rsquo;\u00c9tat en question (&#8230;) au cas par cas\u00bb, a d\u00e9clar\u00e9 la Garde des sceaux dimanche. Nous attentions un d\u00e9veloppement dans l\u2019article expliquant que la France participerait au financement de leur ex\u00e9cution. Point nenni l\u2019hypocrisie [&hellip;]<\/p>\n","protected":false},"author":1,"featured_media":0,"comment_status":"open","ping_status":"open","sticky":false,"template":"","format":"standard","meta":[],"categories":[7],"tags":[],"_links":{"self":[{"href":"https:\/\/clicaclac.com\/index.php\/wp-json\/wp\/v2\/posts\/146"}],"collection":[{"href":"https:\/\/clicaclac.com\/index.php\/wp-json\/wp\/v2\/posts"}],"about":[{"href":"https:\/\/clicaclac.com\/index.php\/wp-json\/wp\/v2\/types\/post"}],"author":[{"embeddable":true,"href":"https:\/\/clicaclac.com\/index.php\/wp-json\/wp\/v2\/users\/1"}],"replies":[{"embeddable":true,"href":"https:\/\/clicaclac.com\/index.php\/wp-json\/wp\/v2\/comments?post=146"}],"version-history":[{"count":1,"href":"https:\/\/clicaclac.com\/index.php\/wp-json\/wp\/v2\/posts\/146\/revisions"}],"predecessor-version":[{"id":149,"href":"https:\/\/clicaclac.com\/index.php\/wp-json\/wp\/v2\/posts\/146\/revisions\/149"}],"wp:attachment":[{"href":"https:\/\/clicaclac.com\/index.php\/wp-json\/wp\/v2\/media?parent=146"}],"wp:term":[{"taxonomy":"category","embeddable":true,"href":"https:\/\/clicaclac.com\/index.php\/wp-json\/wp\/v2\/categories?post=146"},{"taxonomy":"post_tag","embeddable":true,"href":"https:\/\/clicaclac.com\/index.php\/wp-json\/wp\/v2\/tags?post=146"}],"curies":[{"name":"wp","href":"https:\/\/api.w.org\/{rel}","templated":true}]}}