{"id":155,"date":"2018-02-01T00:00:34","date_gmt":"2018-01-31T23:00:34","guid":{"rendered":"http:\/\/clicaclac.com\/?p=155"},"modified":"2018-02-05T20:14:59","modified_gmt":"2018-02-05T19:14:59","slug":"presomption-dinnocence-depend-accusations-portees","status":"publish","type":"post","link":"https:\/\/clicaclac.com\/index.php\/2018\/02\/01\/presomption-dinnocence-depend-accusations-portees\/","title":{"rendered":"La pr\u00e9somption d&rsquo;innocence d\u00e9pend des accusations port\u00e9es\u00a0!"},"content":{"rendered":"<p>C\u2019est en substance ce qu\u2019a expliqu\u00e9 Laurence Saillet l&rsquo;une des porte-parole des R\u00e9publicains lors du point-presse hebdomadaire.<\/p>\n<p>\u00ab\u00a0Nous respectons la pr\u00e9somption d&rsquo;innocence. Mais compte tenu des graves accusations qui sont port\u00e9es, et pour la s\u00e9r\u00e9nit\u00e9 de l&rsquo;action publique, nous pensons qu&rsquo;il n&rsquo;a pas d&rsquo;autre choix que de d\u00e9missionner\u00a0\u00bb.<\/p>\n<figure id=\"attachment_156\" aria-describedby=\"caption-attachment-156\" style=\"width: 1000px\" class=\"wp-caption aligncenter\"><img loading=\"lazy\" class=\"wp-image-156 size-full\" src=\"http:\/\/clicaclac.com\/wp-content\/uploads\/2018\/01\/Darmanin.jpg\" alt=\"\" width=\"1000\" height=\"625\" srcset=\"https:\/\/clicaclac.com\/wp-content\/uploads\/2018\/01\/Darmanin.jpg 1000w, https:\/\/clicaclac.com\/wp-content\/uploads\/2018\/01\/Darmanin-300x188.jpg 300w, https:\/\/clicaclac.com\/wp-content\/uploads\/2018\/01\/Darmanin-768x480.jpg 768w, https:\/\/clicaclac.com\/wp-content\/uploads\/2018\/01\/Darmanin-300x188@2x.jpg 600w\" sizes=\"(max-width: 1000px) 100vw, 1000px\" \/><figcaption id=\"caption-attachment-156\" class=\"wp-caption-text\">G\u00e9rald Darmanin ministre dans le gouvernement de Edouard Philippe<\/figcaption><\/figure>\n<p>Il s\u2019agit vous l\u2019aviez compris de la demande de d\u00e9mission de G\u00e9rald Darmanin accus\u00e9 de viol.<\/p>\n","protected":false},"excerpt":{"rendered":"<p>C\u2019est en substance ce qu\u2019a expliqu\u00e9 Laurence Saillet l&rsquo;une des porte-parole des R\u00e9publicains lors du point-presse hebdomadaire. \u00ab\u00a0Nous respectons la pr\u00e9somption d&rsquo;innocence. Mais compte tenu des graves accusations qui sont port\u00e9es, et pour la s\u00e9r\u00e9nit\u00e9 de l&rsquo;action publique, nous pensons qu&rsquo;il n&rsquo;a pas d&rsquo;autre choix que de d\u00e9missionner\u00a0\u00bb. Il s\u2019agit vous l\u2019aviez compris de la [&hellip;]<\/p>\n","protected":false},"author":1,"featured_media":0,"comment_status":"open","ping_status":"open","sticky":false,"template":"","format":"standard","meta":[],"categories":[7,10],"tags":[],"_links":{"self":[{"href":"https:\/\/clicaclac.com\/index.php\/wp-json\/wp\/v2\/posts\/155"}],"collection":[{"href":"https:\/\/clicaclac.com\/index.php\/wp-json\/wp\/v2\/posts"}],"about":[{"href":"https:\/\/clicaclac.com\/index.php\/wp-json\/wp\/v2\/types\/post"}],"author":[{"embeddable":true,"href":"https:\/\/clicaclac.com\/index.php\/wp-json\/wp\/v2\/users\/1"}],"replies":[{"embeddable":true,"href":"https:\/\/clicaclac.com\/index.php\/wp-json\/wp\/v2\/comments?post=155"}],"version-history":[{"count":2,"href":"https:\/\/clicaclac.com\/index.php\/wp-json\/wp\/v2\/posts\/155\/revisions"}],"predecessor-version":[{"id":188,"href":"https:\/\/clicaclac.com\/index.php\/wp-json\/wp\/v2\/posts\/155\/revisions\/188"}],"wp:attachment":[{"href":"https:\/\/clicaclac.com\/index.php\/wp-json\/wp\/v2\/media?parent=155"}],"wp:term":[{"taxonomy":"category","embeddable":true,"href":"https:\/\/clicaclac.com\/index.php\/wp-json\/wp\/v2\/categories?post=155"},{"taxonomy":"post_tag","embeddable":true,"href":"https:\/\/clicaclac.com\/index.php\/wp-json\/wp\/v2\/tags?post=155"}],"curies":[{"name":"wp","href":"https:\/\/api.w.org\/{rel}","templated":true}]}}