{"id":173,"date":"2018-02-04T23:42:04","date_gmt":"2018-02-04T22:42:04","guid":{"rendered":"http:\/\/clicaclac.com\/?p=173"},"modified":"2018-02-05T20:10:21","modified_gmt":"2018-02-05T19:10:21","slug":"on-faire-confiance-a-gerard-collomb","status":"publish","type":"post","link":"https:\/\/clicaclac.com\/index.php\/2018\/02\/04\/on-faire-confiance-a-gerard-collomb\/","title":{"rendered":"Peut-on encore faire confiance \u00e0 G\u00e9rard Collomb\u00a0?"},"content":{"rendered":"<p>C\u2019est la question que chaque fran\u00e7ais est en droit de se poser.<\/p>\n<p>Notre Ministre de l\u2019Int\u00e9rieur semble en effet incapable de choisir correctement ses voisins\u2026.<\/p>\n<p>C\u2019est du moins ce que diff\u00e9rents m\u00e9dias semblent nous indiquer<\/p>\n<figure id=\"attachment_174\" aria-describedby=\"caption-attachment-174\" style=\"width: 640px\" class=\"wp-caption aligncenter\"><img loading=\"lazy\" class=\"wp-image-174 size-full\" src=\"http:\/\/clicaclac.com\/wp-content\/uploads\/2018\/02\/G\u00e9rard-Collomb-2.jpg\" alt=\"\" width=\"640\" height=\"358\" srcset=\"https:\/\/clicaclac.com\/wp-content\/uploads\/2018\/02\/G\u00e9rard-Collomb-2.jpg 640w, https:\/\/clicaclac.com\/wp-content\/uploads\/2018\/02\/G\u00e9rard-Collomb-2-300x168.jpg 300w, https:\/\/clicaclac.com\/wp-content\/uploads\/2018\/02\/G\u00e9rard-Collomb-2-300x168@2x.jpg 600w\" sizes=\"(max-width: 640px) 100vw, 640px\" \/><figcaption id=\"caption-attachment-174\" class=\"wp-caption-text\">G\u00e9rard Collomb Ministre de l&rsquo;Int\u00e9rieur<\/figcaption><\/figure>\n<p>Lyon : le voisin de G\u00e9rard Collomb recherch\u00e9 par la police<\/p>\n<p>Le militant d&rsquo;extr\u00eame droite avait \u00e9t\u00e9 condamn\u00e9 \u00e0 un an de prison pour violences aggrav\u00e9es, apr\u00e8s l&rsquo;agression d&rsquo;un photographe de l&rsquo;AFP. Source AFP<\/p>\n<p>Curieuse fa\u00e7on qu\u2019\u00e0 l\u2019AFP de voir les choses, m\u00e9fiez-vous, \u00a0nous sommes tous \u00e0 la merci de circonstance al\u00e9atoire. Bient\u00f4t, il s\u2019agira de vous, du fils de la concierge du voisin de l\u2019amie qui habite \u2026..<\/p>\n","protected":false},"excerpt":{"rendered":"<p>C\u2019est la question que chaque fran\u00e7ais est en droit de se poser. Notre Ministre de l\u2019Int\u00e9rieur semble en effet incapable de choisir correctement ses voisins\u2026. C\u2019est du moins ce que diff\u00e9rents m\u00e9dias semblent nous indiquer Lyon : le voisin de G\u00e9rard Collomb recherch\u00e9 par la police Le militant d&rsquo;extr\u00eame droite avait \u00e9t\u00e9 condamn\u00e9 \u00e0 un [&hellip;]<\/p>\n","protected":false},"author":1,"featured_media":0,"comment_status":"open","ping_status":"open","sticky":false,"template":"","format":"standard","meta":[],"categories":[7,4],"tags":[],"_links":{"self":[{"href":"https:\/\/clicaclac.com\/index.php\/wp-json\/wp\/v2\/posts\/173"}],"collection":[{"href":"https:\/\/clicaclac.com\/index.php\/wp-json\/wp\/v2\/posts"}],"about":[{"href":"https:\/\/clicaclac.com\/index.php\/wp-json\/wp\/v2\/types\/post"}],"author":[{"embeddable":true,"href":"https:\/\/clicaclac.com\/index.php\/wp-json\/wp\/v2\/users\/1"}],"replies":[{"embeddable":true,"href":"https:\/\/clicaclac.com\/index.php\/wp-json\/wp\/v2\/comments?post=173"}],"version-history":[{"count":4,"href":"https:\/\/clicaclac.com\/index.php\/wp-json\/wp\/v2\/posts\/173\/revisions"}],"predecessor-version":[{"id":187,"href":"https:\/\/clicaclac.com\/index.php\/wp-json\/wp\/v2\/posts\/173\/revisions\/187"}],"wp:attachment":[{"href":"https:\/\/clicaclac.com\/index.php\/wp-json\/wp\/v2\/media?parent=173"}],"wp:term":[{"taxonomy":"category","embeddable":true,"href":"https:\/\/clicaclac.com\/index.php\/wp-json\/wp\/v2\/categories?post=173"},{"taxonomy":"post_tag","embeddable":true,"href":"https:\/\/clicaclac.com\/index.php\/wp-json\/wp\/v2\/tags?post=173"}],"curies":[{"name":"wp","href":"https:\/\/api.w.org\/{rel}","templated":true}]}}