{"id":180,"date":"2018-02-05T20:11:48","date_gmt":"2018-02-05T19:11:48","guid":{"rendered":"http:\/\/clicaclac.com\/?p=180"},"modified":"2018-02-05T20:11:48","modified_gmt":"2018-02-05T19:11:48","slug":"y-aurait-femme-parmi-hommes-de-main-de-balkany","status":"publish","type":"post","link":"https:\/\/clicaclac.com\/index.php\/2018\/02\/05\/y-aurait-femme-parmi-hommes-de-main-de-balkany\/","title":{"rendered":"Y aurait-il une femme parmi les \u00ab hommes de main \u00bb de Balkany ?"},"content":{"rendered":"<p><strong>La photo qui cr\u00e9e la pol\u00e9mique,\u00a0Levallois-Perret : une dr\u00f4le de photo de policiers municipaux en armes<\/strong><\/p>\n<figure id=\"attachment_181\" aria-describedby=\"caption-attachment-181\" style=\"width: 1000px\" class=\"wp-caption aligncenter\"><img loading=\"lazy\" class=\"wp-image-181 size-full\" src=\"http:\/\/clicaclac.com\/wp-content\/uploads\/2018\/02\/Policiers_Lavallois-Perret-01-2018.jpg\" alt=\"\" width=\"1000\" height=\"625\" srcset=\"https:\/\/clicaclac.com\/wp-content\/uploads\/2018\/02\/Policiers_Lavallois-Perret-01-2018.jpg 1000w, https:\/\/clicaclac.com\/wp-content\/uploads\/2018\/02\/Policiers_Lavallois-Perret-01-2018-300x188.jpg 300w, https:\/\/clicaclac.com\/wp-content\/uploads\/2018\/02\/Policiers_Lavallois-Perret-01-2018-768x480.jpg 768w, https:\/\/clicaclac.com\/wp-content\/uploads\/2018\/02\/Policiers_Lavallois-Perret-01-2018-300x188@2x.jpg 600w\" sizes=\"(max-width: 1000px) 100vw, 1000px\" \/><figcaption id=\"caption-attachment-181\" class=\"wp-caption-text\">Levallois-Perret Policiers municipaux en armes<\/figcaption><\/figure>\n<p><strong>Patrick Balkany a post\u00e9 \u00ab par erreur \u00bb une photo des policiers municipaux prenant la pose.<\/strong><\/p>\n<p style=\"font-style: inherit; font-weight: inherit;\">Une photo de la brigade d\u2019intervention de la police municipale de Levallois a d\u00e9clench\u00e9 une cascade de r\u00e9actions sur les r\u00e9seaux sociaux ce dimanche. Car c\u2019est Patrick Balkany, le maire LR de Levallois, qui a lui-m\u00eame post\u00e9 le clich\u00e9 des policiers de sa ville prenant la pose avec leur arme et tout sourire. Ici, l\u2019allure de la \u00ab milice \u00bb indigne, l\u00e0, on voit des \u00ab cow-boys \u00bb, ailleurs on tacle \u00ab les hommes de main du Parrain \u00bb. A tout le moins, on s\u2019\u00e9tonne de \u00ab l\u2019\u00e9trange photo \u00bb. Post\u00e9e samedi sur le compte Instagram de Patrick Balkany, l\u2019image a disparu dimanche apr\u00e8s la diffusion d\u2019une une s\u00e9rie de commentaires sur Twitter et ailleurs.<\/p>\n<p style=\"font-style: inherit; font-weight: inherit;\">La diffusion est \u00ab une erreur \u00bb, explique Isabelle Balkany, \u00e9pouse et premi\u00e8re adjointe du maire de Levallois. Son mari n\u2019\u00e9tant \u00ab pas un geek \u00bb, dit-il avec d\u00e9contraction, il s\u2019est emm\u00eal\u00e9 les pinceaux au moment de l\u2019envoi de cette photo. \u00ab Les policiers municipaux la lui avaient envoy\u00e9e il y a trois semaines pour lui pr\u00e9senter les v\u0153ux. Hier<em style=\"font-weight: inherit;\">\u00a0(NDLR : samedi)<\/em>, il a voulu la renvoyer \u00e0 un copain en message priv\u00e9 mais il s\u2019est tromp\u00e9 de bouton. \u00bb<\/p>\n<p>&nbsp;<\/p>\n","protected":false},"excerpt":{"rendered":"<p>La photo qui cr\u00e9e la pol\u00e9mique,\u00a0Levallois-Perret : une dr\u00f4le de photo de policiers municipaux en armes Patrick Balkany a post\u00e9 \u00ab par erreur \u00bb une photo des policiers municipaux prenant la pose. Une photo de la brigade d\u2019intervention de la police municipale de Levallois a d\u00e9clench\u00e9 une cascade de r\u00e9actions sur les r\u00e9seaux sociaux ce [&hellip;]<\/p>\n","protected":false},"author":1,"featured_media":0,"comment_status":"open","ping_status":"open","sticky":false,"template":"","format":"standard","meta":[],"categories":[4],"tags":[],"_links":{"self":[{"href":"https:\/\/clicaclac.com\/index.php\/wp-json\/wp\/v2\/posts\/180"}],"collection":[{"href":"https:\/\/clicaclac.com\/index.php\/wp-json\/wp\/v2\/posts"}],"about":[{"href":"https:\/\/clicaclac.com\/index.php\/wp-json\/wp\/v2\/types\/post"}],"author":[{"embeddable":true,"href":"https:\/\/clicaclac.com\/index.php\/wp-json\/wp\/v2\/users\/1"}],"replies":[{"embeddable":true,"href":"https:\/\/clicaclac.com\/index.php\/wp-json\/wp\/v2\/comments?post=180"}],"version-history":[{"count":2,"href":"https:\/\/clicaclac.com\/index.php\/wp-json\/wp\/v2\/posts\/180\/revisions"}],"predecessor-version":[{"id":183,"href":"https:\/\/clicaclac.com\/index.php\/wp-json\/wp\/v2\/posts\/180\/revisions\/183"}],"wp:attachment":[{"href":"https:\/\/clicaclac.com\/index.php\/wp-json\/wp\/v2\/media?parent=180"}],"wp:term":[{"taxonomy":"category","embeddable":true,"href":"https:\/\/clicaclac.com\/index.php\/wp-json\/wp\/v2\/categories?post=180"},{"taxonomy":"post_tag","embeddable":true,"href":"https:\/\/clicaclac.com\/index.php\/wp-json\/wp\/v2\/tags?post=180"}],"curies":[{"name":"wp","href":"https:\/\/api.w.org\/{rel}","templated":true}]}}