{"id":224,"date":"2018-02-22T13:13:27","date_gmt":"2018-02-22T12:13:27","guid":{"rendered":"http:\/\/clicaclac.com\/?p=224"},"modified":"2018-02-23T10:23:20","modified_gmt":"2018-02-23T09:23:20","slug":"recensement-abri-a-paris-recensement-tres-precis-ne-lai-plus","status":"publish","type":"post","link":"https:\/\/clicaclac.com\/index.php\/2018\/02\/22\/recensement-abri-a-paris-recensement-tres-precis-ne-lai-plus\/","title":{"rendered":"Recensement des sans-abri \u00e0 Paris. Un recensement tr\u00e8s pr\u00e9cis, qui ne l&rsquo;est plus !"},"content":{"rendered":"<p>2\u00a0025 sans-abri \u00e0 Paris C\u2019est le r\u00e9sultat du recensement r\u00e9alis\u00e9 par des b\u00e9n\u00e9voles encadr\u00e9 par la mairie de Paris. \u00c9ric Pliez, pr\u00e9sident du Samu Social, nous avait expliqu\u00e9 qu\u2019il s\u2019agissait de r\u00e9colter plus qu\u2019un nombre fiable et incontestable de sans-abri, une quantit\u00e9 d\u2019informations pr\u00e9cises, nom, raison de cette situation\u2026 dans d\u2019optique de mieux comprendre, r\u00e9pondre \u00a0aux besoins et de anticiper pour contrer l\u2019extension du probl\u00e8me et apporter des solutions p\u00e9rennes.<\/p>\n<p><img loading=\"lazy\" class=\"aligncenter wp-image-226 size-full\" src=\"http:\/\/clicaclac.com\/wp-content\/uploads\/2018\/02\/Sans-abri-02-2018-v2.jpg\" alt=\"\" width=\"1499\" height=\"843\" srcset=\"https:\/\/clicaclac.com\/wp-content\/uploads\/2018\/02\/Sans-abri-02-2018-v2.jpg 1499w, https:\/\/clicaclac.com\/wp-content\/uploads\/2018\/02\/Sans-abri-02-2018-v2-300x169.jpg 300w, https:\/\/clicaclac.com\/wp-content\/uploads\/2018\/02\/Sans-abri-02-2018-v2-768x432.jpg 768w, https:\/\/clicaclac.com\/wp-content\/uploads\/2018\/02\/Sans-abri-02-2018-v2-1024x576.jpg 1024w, https:\/\/clicaclac.com\/wp-content\/uploads\/2018\/02\/Sans-abri-02-2018-v2-300x169@2x.jpg 600w\" sizes=\"(max-width: 1499px) 100vw, 1499px\" \/><\/p>\n<p>Au final, associations et mairie de Paris relay\u00e9 par la presse, ont d\u00e9cid\u00e9 \u00ab\u00a0d\u2019adapter\u00a0\u00bb les donn\u00e9es factuelles du recensement pour grossir chiffres trouv\u00e9 \u00ab\u00a0trop faible\u00a0\u00bb.<\/p>\n<p>Les 350 \u00e9quipes de b\u00e9n\u00e9voles, la\u00a0<em>nuit<\/em>\u00a0du 15 au 16 f\u00e9vrier, ont rencontr\u00e9 2 025 sans-abri dormant dans la rue, on peut ajouter des chiffres plus al\u00e9atoires\u00a0: environ 200 personnes dans les gares, 49 dans les services d\u2019urgence des h\u00f4pitaux de l\u2019Assistance publique, 377 dans les stations de m\u00e9tro et de RER, 112 dans les parkings g\u00e9r\u00e9s par Vinci, 129 personnes qui passent la nuit dans le Bois de Vincennes, 20 autres dans le Bois de Boulogne, et 40 dans le parc de La Colline (18e).<\/p>\n<p>Ce sont donc 2 952 personnes trouv\u00e9es dehors, auxquelles on peut encore ajouter les 672 h\u00e9berg\u00e9es de fa\u00e7on tr\u00e8s provisoire, pendant cette p\u00e9riode de grand froid, dans des gymnases et des salles de mairie, ce qui porte le total \u00e0 3 624 sans-abri. On peut encore y ajouter 1 600 places d\u2019h\u00e9bergement sont mises \u00e0 disposition dans le cadre du plan hivernal, places qui seront ferm\u00e9es d\u00e8s le 31 mars.<\/p>\n<p>Ce recensement tr\u00e8s pr\u00e9cis, ne l\u2019ai plus\u00a0! \u00ab\u00a0 Certains espaces n\u2019ont pas \u00e9t\u00e9 explor\u00e9s, comme des talus de p\u00e9riph\u00e9rique ou des chantiers\u2026 les personnes dormant dans des tentes n\u2019ont pas pu \u00eatre toutes comptabilis\u00e9es\u2026\u00a0\u00bb<\/p>\n<p>On arrive \u00e0 un total de 5224 sans-abri.<\/p>\n<p>\u00ab\u00a0Dans la nuit du 15 au 16 f\u00e9vrier, 1700 b\u00e9n\u00e9voles ont r\u00e9alis\u00e9 un recensement des sans-abri, \u00e0 l&rsquo;occasion de la premi\u00e8re \u00abNuit de la Solidarit\u00e9\u00bb, organis\u00e9e par la mairie de Paris.\u00a0\u00bb<\/p>\n<p>\u00c9ric Pliez expliquait que les b\u00e9n\u00e9voles \u00e9voluaient dans un cadre tr\u00e8s structur\u00e9, chacun ayant un r\u00f4le et un p\u00e9rim\u00e8tre pr\u00e9cis \u00e0 couvrir. Etonnant que dans ces conditions les nombre de b\u00e9n\u00e9voles soit si impr\u00e9cis entre 1700 et plus de 2000 selon les sources.<\/p>\n<p>La mairie de Paris a transform\u00e9 cette initiative d\u2019associations en op\u00e9ration de communication organis\u00e9e par Anne Hidalgo. Retoquant cette \u00ab\u00a0Nuit de recensement\u00a0\u00bb en \u00ab\u00a0Nuit de la solidarit\u00e9\u00a0\u00bb.<\/p>\n<p><img loading=\"lazy\" class=\"aligncenter wp-image-227 size-full\" src=\"http:\/\/clicaclac.com\/wp-content\/uploads\/2018\/02\/Sans-abri-02-2018-v3.jpg\" alt=\"\" width=\"493\" height=\"441\" srcset=\"https:\/\/clicaclac.com\/wp-content\/uploads\/2018\/02\/Sans-abri-02-2018-v3.jpg 493w, https:\/\/clicaclac.com\/wp-content\/uploads\/2018\/02\/Sans-abri-02-2018-v3-300x268.jpg 300w\" sizes=\"(max-width: 493px) 100vw, 493px\" \/><\/p>\n<p>Terme impropre, utilis\u00e9 \u00e0 des fins m\u00e9diatiques. On peut regretter que compte tenu de ses moyens la ville de Paris ne mette pas en place une chaine de solidarit\u00e9 sur plus qu\u2019une nuit.<\/p>\n<p>Quel que soit les chiffres, on ne peut que regretter cette bataille m\u00e9diatico-politique pour se renvoyer la responsabilit\u00e9 de cet \u00e9tat de fait. On aimerait que les gagnants de ce battage m\u00e9diatique soit \u00e9videmment les sans-abri, beaucoup trop nombreux dans les rue. Rien n\u2019est moins s\u00fbr\u00a0!<\/p>\n","protected":false},"excerpt":{"rendered":"<p>2\u00a0025 sans-abri \u00e0 Paris C\u2019est le r\u00e9sultat du recensement r\u00e9alis\u00e9 par des b\u00e9n\u00e9voles encadr\u00e9 par la mairie de Paris. \u00c9ric Pliez, pr\u00e9sident du Samu Social, nous avait expliqu\u00e9 qu\u2019il s\u2019agissait de r\u00e9colter plus qu\u2019un nombre fiable et incontestable de sans-abri, une quantit\u00e9 d\u2019informations pr\u00e9cises, nom, raison de cette situation\u2026 dans d\u2019optique de mieux comprendre, r\u00e9pondre [&hellip;]<\/p>\n","protected":false},"author":1,"featured_media":0,"comment_status":"open","ping_status":"open","sticky":false,"template":"","format":"standard","meta":[],"categories":[5],"tags":[],"_links":{"self":[{"href":"https:\/\/clicaclac.com\/index.php\/wp-json\/wp\/v2\/posts\/224"}],"collection":[{"href":"https:\/\/clicaclac.com\/index.php\/wp-json\/wp\/v2\/posts"}],"about":[{"href":"https:\/\/clicaclac.com\/index.php\/wp-json\/wp\/v2\/types\/post"}],"author":[{"embeddable":true,"href":"https:\/\/clicaclac.com\/index.php\/wp-json\/wp\/v2\/users\/1"}],"replies":[{"embeddable":true,"href":"https:\/\/clicaclac.com\/index.php\/wp-json\/wp\/v2\/comments?post=224"}],"version-history":[{"count":4,"href":"https:\/\/clicaclac.com\/index.php\/wp-json\/wp\/v2\/posts\/224\/revisions"}],"predecessor-version":[{"id":236,"href":"https:\/\/clicaclac.com\/index.php\/wp-json\/wp\/v2\/posts\/224\/revisions\/236"}],"wp:attachment":[{"href":"https:\/\/clicaclac.com\/index.php\/wp-json\/wp\/v2\/media?parent=224"}],"wp:term":[{"taxonomy":"category","embeddable":true,"href":"https:\/\/clicaclac.com\/index.php\/wp-json\/wp\/v2\/categories?post=224"},{"taxonomy":"post_tag","embeddable":true,"href":"https:\/\/clicaclac.com\/index.php\/wp-json\/wp\/v2\/tags?post=224"}],"curies":[{"name":"wp","href":"https:\/\/api.w.org\/{rel}","templated":true}]}}