{"id":297,"date":"2018-04-02T16:57:29","date_gmt":"2018-04-02T14:57:29","guid":{"rendered":"http:\/\/clicaclac.com\/?p=297"},"modified":"2018-04-02T16:59:55","modified_gmt":"2018-04-02T14:59:55","slug":"train-de-vie-de-senateur","status":"publish","type":"post","link":"https:\/\/clicaclac.com\/index.php\/2018\/04\/02\/train-de-vie-de-senateur\/","title":{"rendered":"Un train de vie de S\u00e9nateur"},"content":{"rendered":"<p>Ici, les privil\u00e8ges se distribuent en toute discr\u00e9tion, et l&rsquo;opacit\u00e9 est la r\u00e8gle d\u00e8s qu&rsquo;il s&rsquo;agit de cuisine interne. Certes, l&rsquo;institution \u00e9dite chaque ann\u00e9e un livret d&rsquo;une soixantaine de pages sur l&rsquo;utilisation de ses 323 millions d&rsquo;euros de cr\u00e9dits, mais elle se garde bien de divulguer la version d\u00e9taill\u00e9e de son budget.<\/p>\n<p>Le S\u00e9nat, est une des deux composantes du Parlement fran\u00e7ais (avec l&rsquo;Assembl\u00e9e nationale). Le S\u00e9nat est compos\u00e9 de 348\u00a0s\u00e9nateurs, \u00e9lus pour un mandat de six ans. Dans chaque d\u00e9partement, les\u00a0s\u00e9nateurs\u00a0sont \u00e9lus par un coll\u00e8ge \u00e9lectoral de grands \u00e9lecteurs : d\u00e9put\u00e9s et\u00a0s\u00e9nateurs, conseillers r\u00e9gionaux, conseillers d\u00e9partementaux, conseillers municipaux.<\/p>\n<figure id=\"attachment_300\" aria-describedby=\"caption-attachment-300\" style=\"width: 640px\" class=\"wp-caption aligncenter\"><img loading=\"lazy\" class=\"wp-image-300 size-full\" src=\"http:\/\/clicaclac.com\/wp-content\/uploads\/2018\/04\/senat-palais-du-luxembourg.jpg\" alt=\"\" width=\"640\" height=\"360\" srcset=\"https:\/\/clicaclac.com\/wp-content\/uploads\/2018\/04\/senat-palais-du-luxembourg.jpg 640w, https:\/\/clicaclac.com\/wp-content\/uploads\/2018\/04\/senat-palais-du-luxembourg-300x169.jpg 300w, https:\/\/clicaclac.com\/wp-content\/uploads\/2018\/04\/senat-palais-du-luxembourg-300x169@2x.jpg 600w\" sizes=\"(max-width: 640px) 100vw, 640px\" \/><figcaption id=\"caption-attachment-300\" class=\"wp-caption-text\">Le S\u00e9nat &#8211; Palais du Luxembourg<\/figcaption><\/figure>\n<p><strong><u>Le r\u00f4le du S\u00e9nat\u00a0:<\/u><\/strong><\/p>\n<p><strong>Voter les lois :\u00a0<\/strong>Les s\u00e9nateurs sont amen\u00e9s \u00e0 proposer, discuter, et voter les lois durant des \u00ab\u00a0session\u00a0\u00bb, qui s\u2019\u00e9talent d\u2019octobre \u00e0 juin. Le reste de l&rsquo;ann\u00e9e, les s\u00e9nateurs devraient hypoth\u00e9tiquement se rapprocher et \u00eatre en contact de leurs administr\u00e9s, en r\u00e9gion.<\/p>\n<p>Une loi doit \u00eatre vot\u00e9e, par le Parlement puis par le S\u00e9nat. C&rsquo;est la navette parlementaire. Va et viens jusqu\u2019\u00e0 tomber d&rsquo;accord sur un texte commun. Faute d&rsquo;entente, le gouvernement peut alors donner le dernier mot \u00e0 l&rsquo;Assembl\u00e9e nationale.<\/p>\n<p><strong>Garantir la stabilit\u00e9 des institutions :\u00a0<\/strong>Le S\u00e9nat ne peut \u00eatre dissout contrairement \u00e0 l&rsquo;Assembl\u00e9e nationale. Le pr\u00e9sident du S\u00e9nat est aussi celui qui assure l&rsquo;int\u00e9rim \u00e0 l&rsquo;Elys\u00e9e, en cas de vacance ou d&#8217;emp\u00eachement du pr\u00e9sident de la R\u00e9publique.<\/p>\n<p><strong>Contr\u00f4ler l&rsquo;action du gouvernement :\u00a0<\/strong>Le S\u00e9nat v\u00e9rifie que les lois sont bien appliqu\u00e9es, et \u00e9value les politiques publiques par exemple via des commissions d&rsquo;enqu\u00eate parlementaires. Pour modifier la Constitution : les deux chambres doivent \u00eatre r\u00e9unies simultan\u00e9ment en Congr\u00e8s. Le S\u00e9nat nome : les membres du Conseil constitutionnel, du Conseil sup\u00e9rieur de la magistrature et du Conseil sup\u00e9rieur de l&rsquo;audiovisuel. Les s\u00e9nateurs sont les repr\u00e9sentants officiels des collectivit\u00e9s locales (d\u00e9partements, r\u00e9gion).<\/p>\n<p>La volont\u00e9 de r\u00e9former le S\u00e9nat ne date pas d\u2019hier. Le G\u00e9n\u00e9ral de Gaulle proposait de \u00ab\u00a0r\u00e9nover le S\u00e9nat, actuellement r\u00e9duit \u00e0 un r\u00f4le de plus en plus accessoire \u00bb. Droite et Gauche se retrouve dans la m\u00eame analyse. \u00ab\u00a0Une Chambre comme le S\u00e9nat (&#8230;) est une anomalie parmi les d\u00e9mocraties.\u00a0\u00bb<\/p>\n<p>Lionel Jospin ou \u00ab\u00a0Il faut vraiment que le S\u00e9nat ait conscience que son avenir est aujourd&rsquo;hui en jeu, que le S\u00e9nat est menac\u00e9 de disparition s&rsquo;il n&rsquo;est pas capable de r\u00e9affirmer son efficacit\u00e9.\u00a0\u00bb Jean-Pierre Raffarin. D\u2019autre pr\u00e9sente les s\u00e9nateurs comme une assembl\u00e9e de personnes d\u00e9pass\u00e9es tant par les id\u00e9es que par leur \u00e2ge, pour No\u00ebl Mam\u00e8re \u00ab\u00a0Le S\u00e9nat n&rsquo;est qu&rsquo;une maison de retraite pour privil\u00e9gi\u00e9s de la politique \u00bb, Edgar Faure enfonce le clou \u00ab\u00a0S\u00e9nat. Litanie &#8211; liturgie &#8211; l\u00e9thargie\u00a0\u00bb\u00a0 ou la vision plus synth\u00e9tique de De\u00a0Robert de Jouvenel \u00ab\u00a0Un s\u00e9nateur, c&rsquo;est un d\u00e9put\u00e9 qui s&rsquo;obstine\u00a0\u00bb.<\/p>\n<p><strong>Le S\u00e9nat c\u2019est un lieu\u00a0<\/strong>: 35 000 m\u00e8tres carr\u00e9s dans le palais du Luxembourg.<\/p>\n<p>Tous les 3 ans le S\u00e9nat renouvelle de la moiti\u00e9 de ses 348 \u00e9lus.<\/p>\n<p>Les s\u00e9nateurs ont \u00e0 leur disposition un coiffeur, un m\u00e9decin, des photographes attitr\u00e9s, un kiosque \u00e0 journaux. Ils disposent \u00e9galement d\u2019une l\u00e9gendaire cave \u00e0 vin.<\/p>\n<p>Au fourneau le talent du chef Jean-Christophe Trubert, pour un menu gastronomique \u00e0 16,45 euros.<\/p>\n<p>D\u00e8s leur premi\u00e8re \u00e9lection, une subvention de 1000 euros leur est attribu\u00e9, pour acheter le mat\u00e9riel informatique. La maison leur pr\u00e9voit \u00e9galement quatre lignes t\u00e9l\u00e9phoniques et deux fax.<\/p>\n<p>Le S\u00e9nat leur fournit une carte SNCF pr\u00e9pay\u00e9e, qui donne acc\u00e8s \u00e0 tout le r\u00e9seau ferroviaire en premi\u00e8re classe. Un forfait de 40 allers-retours en avion et un acc\u00e8s gratuit \u00e0 tous les transports parisiens.<\/p>\n<p>Au total, l&rsquo;enveloppe \u00ab\u00a0transport\u00a0\u00bb allou\u00e9e pour les s\u00e9nateurs repr\u00e9sente un co\u00fbt de 4,7 millions d&rsquo;euros par an pour l&rsquo;Etat, soit 13 505 par s\u00e9nateur, selon le calcul effectu\u00e9 par Challenges. \u00c0 cela s&rsquo;ajoute 1,5 million d&rsquo;euros pour les voyages effectu\u00e9s \u00e0 l&rsquo;\u00e9tranger, dans le cadre d&rsquo;une mission pour un groupe d&rsquo;amiti\u00e9 ou pour la r\u00e9daction d&rsquo;un rapport parlementaire.<\/p>\n<p><strong>La r\u00e9mun\u00e9ration<\/strong><\/p>\n<p>Les s\u00e9nateurs travaillent au m\u00eame tarif que leurs coll\u00e8gues d\u00e9put\u00e9s. Ils touchent une indemnit\u00e9 de 7142,75 euros brut par mois. Elle se d\u00e9compose de la fa\u00e7on suivante: une indemnit\u00e9 de base (5547,77 euros), une indemnit\u00e9 de r\u00e9sidence (166,43 euros) et une indemnit\u00e9 de fonction (1428,55 euros). Soit une r\u00e9mun\u00e9ration en net de 5385,67 euros, selon les chiffres du Parisien. Les \u00e9lus qui exercent des responsabilit\u00e9s particuli\u00e8res, comme la pr\u00e9sidence des deux chambres, per\u00e7oivent une indemnit\u00e9 de fonction suppl\u00e9mentaire. Son montant peut atteindre 7199,89 euros brut mensuels.<\/p>\n<p><strong>Une retraite de S\u00e9nateur<\/strong><\/p>\n<p>Au S\u00e9nat a des r\u00e8gles qui lui sont propres. Les \u00e9lus du Palais du Luxembourg per\u00e7oivent une pension de 1831 euros. Le S\u00e9nat paye ses retrait\u00e9s gr\u00e2ce aux versements des s\u00e9nateurs et du S\u00e9nat, et ne b\u00e9n\u00e9ficie pas de subventions publiques. Ainsi, la chambre haute du Parlement b\u00e9n\u00e9ficie de 1,4 milliard d\u2019euros pour les retraites de ses collaborateurs (627 millions pour les 639 anciens s\u00e9nateurs, et 777 millions pour les retrait\u00e9s du personnel).<\/p>\n<p>Les S\u00e9nateurs se sont pourvus d\u2019une retraite par capitalisation, avec pr\u00e8s de 6 \u20ac de prestations pour 1 \u20ac cotis\u00e9, contre 1 \u20ac \u00e0 1,5 \u20ac pour les r\u00e9gimes de droit commun par r\u00e9partition. Voil\u00e0 une belle \u00e9quit\u00e9 digne d\u2019\u00e9lus de la r\u00e9publique\u00a0!<\/p>\n<p>La pension moyenne d\u2019un s\u00e9nateur s\u2019\u00e9l\u00e8ve \u00e0 4 467 \u20ac nets par mois, (dur\u00e9e moyenne de mandat de 12 ans et 9 mois). Malgr\u00e9 348 cotisants pour 639 pensionn\u00e9s, la caisse de retraites des s\u00e9nateurs, g\u00e9r\u00e9e en capitalisation, dispose d\u2019une tr\u00e9sorerie hallucinante 631 M\u20ac, soit l\u2019\u00e9quivalent de 18 ann\u00e9es de prestations.<\/p>\n<p>Les s\u00e9nateurs ont consenti un effort sur la dur\u00e9e de cotisations et l\u2019\u00e2ge de d\u00e9part.<\/p>\n<p>Leur r\u00e9gime a \u00e9t\u00e9 sauvegard\u00e9, Leur tr\u00e9sor de guerre leur permet de voir l\u2019avenir en rose. Le S\u00e9nat continue n\u00e9anmoins \u00e0 financer la caisse \u00e0 hauteur de 9,4 millions d\u2019euros par an, via des cotisations dites \u00ab employeur \u00bb qui ne sont en r\u00e9alit\u00e9 que des subventions financ\u00e9es par le contribuable.<\/p>\n<p><strong>R\u00e9forme<\/strong><\/p>\n<p>Au vu de ces \u00e9l\u00e9ments on peut constater que nombre de privil\u00e8ges perdurent dans notre d\u00e9mocratie qui m\u00e9riterai la transparence et les vertus que les nantis lui pr\u00eate.<\/p>\n<p>Il serait de bon ton pour la caisse de retraite d\u2019int\u00e9grer plus de gestion par capitalisation dans son fonctionnement.<\/p>\n<p>En France, les organismes paritaires, comme les caisses de S\u00e9curit\u00e9 sociale, sont g\u00e9r\u00e9s conjointement par les partenaires sociaux, syndicats et patronat. Cette gestion paritaire interdit de fait toute gestion par capitalisation, puisque cette id\u00e9e est contraire aux id\u00e9aux des syndicats.<\/p>\n<p>Une r\u00e9forme s\u2019impose\u00a0!<\/p>\n<p>&nbsp;<\/p>\n","protected":false},"excerpt":{"rendered":"<p>Ici, les privil\u00e8ges se distribuent en toute discr\u00e9tion, et l&rsquo;opacit\u00e9 est la r\u00e8gle d\u00e8s qu&rsquo;il s&rsquo;agit de cuisine interne. Certes, l&rsquo;institution \u00e9dite chaque ann\u00e9e un livret d&rsquo;une soixantaine de pages sur l&rsquo;utilisation de ses 323 millions d&rsquo;euros de cr\u00e9dits, mais elle se garde bien de divulguer la version d\u00e9taill\u00e9e de son budget. Le S\u00e9nat, est [&hellip;]<\/p>\n","protected":false},"author":1,"featured_media":0,"comment_status":"open","ping_status":"open","sticky":false,"template":"","format":"standard","meta":[],"categories":[7,10],"tags":[],"_links":{"self":[{"href":"https:\/\/clicaclac.com\/index.php\/wp-json\/wp\/v2\/posts\/297"}],"collection":[{"href":"https:\/\/clicaclac.com\/index.php\/wp-json\/wp\/v2\/posts"}],"about":[{"href":"https:\/\/clicaclac.com\/index.php\/wp-json\/wp\/v2\/types\/post"}],"author":[{"embeddable":true,"href":"https:\/\/clicaclac.com\/index.php\/wp-json\/wp\/v2\/users\/1"}],"replies":[{"embeddable":true,"href":"https:\/\/clicaclac.com\/index.php\/wp-json\/wp\/v2\/comments?post=297"}],"version-history":[{"count":3,"href":"https:\/\/clicaclac.com\/index.php\/wp-json\/wp\/v2\/posts\/297\/revisions"}],"predecessor-version":[{"id":301,"href":"https:\/\/clicaclac.com\/index.php\/wp-json\/wp\/v2\/posts\/297\/revisions\/301"}],"wp:attachment":[{"href":"https:\/\/clicaclac.com\/index.php\/wp-json\/wp\/v2\/media?parent=297"}],"wp:term":[{"taxonomy":"category","embeddable":true,"href":"https:\/\/clicaclac.com\/index.php\/wp-json\/wp\/v2\/categories?post=297"},{"taxonomy":"post_tag","embeddable":true,"href":"https:\/\/clicaclac.com\/index.php\/wp-json\/wp\/v2\/tags?post=297"}],"curies":[{"name":"wp","href":"https:\/\/api.w.org\/{rel}","templated":true}]}}