{"id":357,"date":"2018-08-01T01:27:23","date_gmt":"2018-07-31T23:27:23","guid":{"rendered":"http:\/\/clicaclac.com\/?p=357"},"modified":"2018-08-01T01:35:38","modified_gmt":"2018-07-31T23:35:38","slug":"de-fillon-a-benalla-intrigues-jeux-de-pouvoir","status":"publish","type":"post","link":"https:\/\/clicaclac.com\/index.php\/2018\/08\/01\/de-fillon-a-benalla-intrigues-jeux-de-pouvoir\/","title":{"rendered":"De Fillon \u00e0 Benalla, intrigues et jeux de pouvoir"},"content":{"rendered":"<p>La cellule dormante mise en place pour l\u2019\u00e9viction<span style=\"text-decoration: line-through;\">s<\/span> de Fillon de la pr\u00e9sidence de la r\u00e9publique a \u00e9t\u00e9 r\u00e9activ\u00e9<strong>e<\/strong>. Comme pour la pr\u00e9c\u00e9dente op\u00e9ration le timing \u00e9tait pr\u00e9pond\u00e9rant.<\/p>\n<p>Si vous vous rappelez bien, les \u00e9l\u00e9ments de \u00ab\u00a0l\u2019affaire Fillon\u00a0\u00bb ont \u00e9t\u00e9 r\u00e9v\u00e9l\u00e9s apr\u00e8s la primaire de la droite et du centre. Fillon \u00e9tait de fait le candidat l\u00e9gitime de la droite. Les battus ne pouvaient se pr\u00e9valoir d\u2019aucune l\u00e9gitimit\u00e9, pas plus qu\u2019un nouveau venu.<\/p>\n<p><img loading=\"lazy\" class=\"aligncenter wp-image-359 \" src=\"http:\/\/clicaclac.com\/wp-content\/uploads\/2018\/08\/Fillon.jpg\" alt=\"\" width=\"380\" height=\"253\" \/><\/p>\n<p>De chevalier Blanc Monsieur Fillon est pass\u00e9 \u00e0 chevalier sans t\u00eate\u00a0!<\/p>\n<p>Le timing du teaser \u00e9tait un chef d\u2019\u0153uvre \u00e0 chaque r\u00e9v\u00e9lation on pensait que c\u2019\u00e9tait la derni\u00e8re !<\/p>\n<p>Et non\u00a0!<\/p>\n<p>Face aux risques de voir s\u2019envoler la cote de popularit\u00e9 de Emmanuel Macron en cas hypoth\u00e9tique de victoire des bleus lors de la coupe du monde, l\u2019op\u00e9ration Sicarius a \u00e9t\u00e9 r\u00e9activ\u00e9e (Sicarius du nom d\u2019une araign\u00e9e mortelle \u00e0 6 yeux, autre particularit\u00e9, elle s\u2019enterre et s\u2019embusque pour surprendre ses proies).<\/p>\n<p>Bien entendu comme lors de la pr\u00e9c\u00e9dente \u00ab\u00a0affaire\u00a0\u00bb aucun des leaders n\u2019est apparu au grand jour de peur d\u2019\u00eatre trahi par une photo, une vid\u00e9o ou des \u00e9coutes. Ce sont les fid\u00e8les lieutenants qui se sont charg\u00e9s de mettre en place la trame de ce que l\u2019on appellera plus tard \u00ab\u00a0l\u2019affaire d\u2019Etat Benalla\u00a0\u00bb.<\/p>\n<p>C\u2019est Edwy Plenel qui a mis le feu aux poudres quand le sulfureux pr\u00e9sident de M\u00e9diapart a contact\u00e9 d\u00e8s le 3 Mai 2018 Jean-Luc M\u00e9lenchon pour le pr\u00e9venir qu\u2019il d\u00e9tenait une vid\u00e9o d\u2019un proche de Emmanuel Macron en train de molester un manifestant. Les \u00e9changes par la suite ont eu lieu entre le bras droit de Jean-Luc M\u00e9lanchon, Alexis Corbi\u00e8re, D\u00e9put\u00e9 \u00e9lu en Seine-Saint-Denis et ancien Membre de la Ligue communiste r\u00e9volutionnaire, et un proche collaborateur de Edwy Plenel, en la personne de Godefroy Beauvallet. Godefroy Beauvallet c\u2019est fait connaitre en tant que responsable internet de la campagne pr\u00e9sidentielle de S\u00e9gol\u00e8ne Royal (2007).<\/p>\n<p>Les deux hommes se sont rencontr\u00e9s une seule fois au Will, restaurant proche des bureaux de M\u00e9diapart, un bistrot aux allures vintage et soign\u00e9es, situ\u00e9 Rue Crozatier.<\/p>\n<p><img loading=\"lazy\" class=\"aligncenter wp-image-358 size-full\" src=\"http:\/\/clicaclac.com\/wp-content\/uploads\/2018\/08\/Benalla-07-2018.jpg\" alt=\"\" width=\"980\" height=\"450\" srcset=\"https:\/\/clicaclac.com\/wp-content\/uploads\/2018\/08\/Benalla-07-2018.jpg 980w, https:\/\/clicaclac.com\/wp-content\/uploads\/2018\/08\/Benalla-07-2018-300x138.jpg 300w, https:\/\/clicaclac.com\/wp-content\/uploads\/2018\/08\/Benalla-07-2018-768x353.jpg 768w, https:\/\/clicaclac.com\/wp-content\/uploads\/2018\/08\/Benalla-07-2018-300x138@2x.jpg 600w\" sizes=\"(max-width: 980px) 100vw, 980px\" \/><\/p>\n<p>La strat\u00e9gie a \u00e9t\u00e9 d\u00e9finie le 3 mai lors de ce d\u00e9jeuner et n\u2019a pas \u00e9volu\u00e9 dans les jours et les mois qui ont suivi. Seul la date du l\u00e2cher du scoop restait \u00e0 fixer.<\/p>\n<p>Marine Le Pen a eu vent de la \u00ab\u00a0vid\u00e9o\u00a0\u00bb par \u00ab\u00a0G\u00e9n\u00e9ration nation\u00a0\u00bb nouveau patronyme de la section jeunesse du parti d&rsquo;extr\u00eame droite. C\u2019est son pr\u00e9sident Jordan Bardella, 22 ans, invariablement v\u00eatu d&rsquo;un costume bleu marine, qui lui a transmis la nouvelle.<\/p>\n<p>Les extr\u00eames se rejoignant et ayant plus de connivences qu\u2019on ne pense, un bref coup de fil \u00e0 Edwy Plenel pour confirmer ses sources, et la voil\u00e0 dans la confidence de l\u2019op\u00e9ration Sicarius.<\/p>\n<p>Etonnamment c\u2019est Jordan Bardella qui fut charg\u00e9 de la coordination avec le duo Corbi\u00e8re-Beauvallet. Pourquoi Jordan Bardella, peut-\u00eatre parce que d\u00e9vou\u00e9 corps et \u00e2me \u00e0 sa pr\u00e9sidente \u00e9tait d\u00e9j\u00e0 dans la confidence.<\/p>\n<p>Ce qui a s\u00fbrement le plus surpris la coalition de l\u2019op\u00e9ration Sicarius ainsi reform\u00e9e, c\u2019est l\u2019appui inesp\u00e9r\u00e9 qu\u2019allaient leur apporter d\u2019autres protagonistes des plus inattendus.<\/p>\n<p>Pour mieux cerner le probl\u00e8me sachez que Le Groupe de s\u00e9curit\u00e9 de la pr\u00e9sidence de la R\u00e9publique (GSPR) est une unit\u00e9 de la police nationale fran\u00e7aise et de la Gendarmerie nationale, rattach\u00e9 administrativement au Service de la protection (SDLP). Les policiers sont issus du SDLP et les gendarmes de la Force S\u00e9curit\u00e9 Protection du GIGN.<\/p>\n<p>Cette oligarchie voyait d\u2019un tr\u00e8s mauvais \u0153il qu\u2019un vulgaire civil Monsieur Benalla ait pu s\u2019immiscer dans leurs affaires. Le GSPR est actuellement dirig\u00e9 par un colonel de Gendarmerie, Lionel Lavergne, son adjoint est un policier. Gendarme et Policier un couple qui a toujours eu du mal \u00e0 fonctionner ajouter un civil et triumvirat finira en pugila. Pour ne pas porter atteinte \u00e0 la s\u00e9curit\u00e9 de notre pr\u00e9sident, je tairai<span style=\"text-decoration: line-through;\">s<\/span> ici le nom des protagonistes qui ont apport\u00e9 leur aide \u00e0 cette machiav\u00e9lique machination.<\/p>\n<p>L\u2019impensable est arriv\u00e9, la France a gagn\u00e9 la coupe du monde de Football\u00a0!<\/p>\n<p>Hors de question de voir la France basculer dans l\u2019euphorie et de voir Emmanuel Marcron caracoler en t\u00eate dans les sondages. Ces sordides raba joie vont s\u2019employer \u00e0 saper le moral des Fran\u00e7ais qui en ce 16 Juin 2018, n\u2019ont d\u2019yeux que pour leurs bleus et l\u2019unit\u00e9 de la nation enfin retrouv\u00e9e.<\/p>\n<p>Pour nos trois acteurs politiques, hors de question de laisser jouer une telle partition. C\u2019est en divisant que l\u2019on parvient \u00e0 r\u00e9gner\u00a0!<\/p>\n<p>N\u2019est-ce pas comiquement un des enseignements de la victoire d\u2019Emmanuel Macron aux \u00e9lections pr\u00e9sidentielles\u00a0?<\/p>\n<p>C\u2019est au moment o\u00f9 il a le plus besoin d\u2019unit\u00e9 pour d\u00e9rouler le flot des r\u00e9formes qui doivent remettre la France sur les bons rails que ces misanthropes vont abattre leurs cartes pour tenter de faire vaciller la pr\u00e9sidence.<\/p>\n<p>Quel dr\u00f4le de jeu que cette farce politique qui pousse des individus avides de pouvoir \u00e0 saper l\u2019unit\u00e9 de la nation pour rassasier leurs \u00e9gos et leur soif de reconnaissance. Le sentiment qu\u2019ils devraient le plus rechercher, convoit\u00e9, ne devrait-il pas \u00eatre le bonheur, le bonheur de voir s\u2019illuminer les yeux des fran\u00e7ais de la fiert\u00e9 de leurs couleurs et des couleurs qui la compose.<\/p>\n<p>&nbsp;<\/p>\n<p>Bien entendu comme vous en doutez ceci est une fiction et toute ressemblance avec des personnes existantes ou ayant exist\u00e9 est purement fortuite.<\/p>\n","protected":false},"excerpt":{"rendered":"<p>La cellule dormante mise en place pour l\u2019\u00e9victions de Fillon de la pr\u00e9sidence de la r\u00e9publique a \u00e9t\u00e9 r\u00e9activ\u00e9e. Comme pour la pr\u00e9c\u00e9dente op\u00e9ration le timing \u00e9tait pr\u00e9pond\u00e9rant. Si vous vous rappelez bien, les \u00e9l\u00e9ments de \u00ab\u00a0l\u2019affaire Fillon\u00a0\u00bb ont \u00e9t\u00e9 r\u00e9v\u00e9l\u00e9s apr\u00e8s la primaire de la droite et du centre. Fillon \u00e9tait de fait le [&hellip;]<\/p>\n","protected":false},"author":1,"featured_media":0,"comment_status":"open","ping_status":"open","sticky":false,"template":"","format":"standard","meta":[],"categories":[4,10],"tags":[],"_links":{"self":[{"href":"https:\/\/clicaclac.com\/index.php\/wp-json\/wp\/v2\/posts\/357"}],"collection":[{"href":"https:\/\/clicaclac.com\/index.php\/wp-json\/wp\/v2\/posts"}],"about":[{"href":"https:\/\/clicaclac.com\/index.php\/wp-json\/wp\/v2\/types\/post"}],"author":[{"embeddable":true,"href":"https:\/\/clicaclac.com\/index.php\/wp-json\/wp\/v2\/users\/1"}],"replies":[{"embeddable":true,"href":"https:\/\/clicaclac.com\/index.php\/wp-json\/wp\/v2\/comments?post=357"}],"version-history":[{"count":2,"href":"https:\/\/clicaclac.com\/index.php\/wp-json\/wp\/v2\/posts\/357\/revisions"}],"predecessor-version":[{"id":361,"href":"https:\/\/clicaclac.com\/index.php\/wp-json\/wp\/v2\/posts\/357\/revisions\/361"}],"wp:attachment":[{"href":"https:\/\/clicaclac.com\/index.php\/wp-json\/wp\/v2\/media?parent=357"}],"wp:term":[{"taxonomy":"category","embeddable":true,"href":"https:\/\/clicaclac.com\/index.php\/wp-json\/wp\/v2\/categories?post=357"},{"taxonomy":"post_tag","embeddable":true,"href":"https:\/\/clicaclac.com\/index.php\/wp-json\/wp\/v2\/tags?post=357"}],"curies":[{"name":"wp","href":"https:\/\/api.w.org\/{rel}","templated":true}]}}