{"id":363,"date":"2018-10-19T08:18:43","date_gmt":"2018-10-19T06:18:43","guid":{"rendered":"http:\/\/clicaclac.com\/?p=363"},"modified":"2018-10-21T17:21:46","modified_gmt":"2018-10-21T15:21:46","slug":"calamiteuses-aventures-de-jean-luc-melanchon-16-octobre-2018","status":"publish","type":"post","link":"https:\/\/clicaclac.com\/index.php\/2018\/10\/19\/calamiteuses-aventures-de-jean-luc-melanchon-16-octobre-2018\/","title":{"rendered":"Les calamiteuses aventures de Jean-Luc M\u00e9lanchon du 16 Octobre 2018"},"content":{"rendered":"<p>Jean-Luc M\u00e9lanchon a r\u00e9ussi \u00e0 interrompre la perquisition dans les locaux de La France Insoumise, mais \u00e0 quel prix\u00a0!<\/p>\n<p>Un comportement honteux, indigne d\u2019un \u00e9lu de la r\u00e9publique. On est en droit de se demander quel inavouable secret voulait pr\u00e9server Jean-Luc M\u00e9lanchon pour en venir \u00e0 de telles extr\u00e9mit\u00e9s et se discr\u00e9diter aupr\u00e8s de l\u2019opinion publique\u00a0?<\/p>\n<p>Le tribun s\u2019est mu\u00e9 en trublion s\u00e9ditieux, mettant en exergue son narcissisme jupit\u00e9rien\u00a0: \u00ab Je suis un parlementaire. La R\u00e9publique, c\u2019est moi ! Ma personne est sacr\u00e9e\u2026 \u00bb. L\u2019Intellectuel comme il aime \u00e0 se d\u00e9finir, agitateur jusqu\u2019au-boutiste, ne saurait occulter que la r\u00e9publique c\u2019est \u00ab\u00a0nous\u00a0\u00bb.<\/p>\n<p>Une op\u00e9ration de \u00ab police politique \u00bb\u00a0! Doit-on rappeler que des poursuites sont engag\u00e9es pour les m\u00eames raisons d\u2019emploi pr\u00e9sum\u00e9 fictif d\u2019assistants parlementaires europ\u00e9ens \u00e0 l\u2019encontre du Rassemblement National (ex-FN) de Marine Le Pen et du MoDem de Fran\u00e7ois Bayrou, alli\u00e9 du gouvernement.<\/p>\n<figure id=\"attachment_364\" aria-describedby=\"caption-attachment-364\" style=\"width: 630px\" class=\"wp-caption aligncenter\"><img loading=\"lazy\" class=\"wp-image-364 size-full\" src=\"http:\/\/clicaclac.com\/wp-content\/uploads\/2018\/10\/Jean-Luc-Melanchon.jpg\" alt=\"\" width=\"630\" height=\"315\" srcset=\"https:\/\/clicaclac.com\/wp-content\/uploads\/2018\/10\/Jean-Luc-Melanchon.jpg 630w, https:\/\/clicaclac.com\/wp-content\/uploads\/2018\/10\/Jean-Luc-Melanchon-300x150.jpg 300w, https:\/\/clicaclac.com\/wp-content\/uploads\/2018\/10\/Jean-Luc-Melanchon-300x150@2x.jpg 600w\" sizes=\"(max-width: 630px) 100vw, 630px\" \/><figcaption id=\"caption-attachment-364\" class=\"wp-caption-text\">Jean-Luc M\u00e9lanchon<\/figcaption><\/figure>\n<p>Il pointe un doigt vengeur, hurle, invective, aboie, vocif\u00e8re, contre un policier jusqu\u2019\u00e0 se placer \u00e0 une l\u00e8vre de sa bouche, bouscule un procureur. Comment cet \u00eatre hyst\u00e9rique brailleur, col\u00e9rique et violent peut-il pr\u00e9tendre \u00eatre notre image et notre repr\u00e9sentant\u00a0? De quel droit peut-il bousculer la police et la justice, fondements de la r\u00e9publique qu\u2019il est sens\u00e9 d\u00e9fendre et repr\u00e9senter\u00a0? Cette police et cette justice pr\u00e9sentes uniquement pour v\u00e9rifier qu\u2019il reste bien dans cette ligne vertueuse qu\u2019il revendique, cette droite ligne de la r\u00e9publique dont il se r\u00e9clame.<\/p>\n<p>Ses exc\u00e8s de col\u00e8re, de haine, son irritabilit\u00e9 latente ne collent pas avec les fonctions auxquelles il pr\u00e9tend\u00a0!<\/p>\n<p>Monsieur M\u00e9lanchon se situerait au-dessus des autres pour qu\u2019on ne puisse contr\u00f4ler ses activit\u00e9s. Comme chaque parlementaire que nous avons \u00e9lu pour nous repr\u00e9senter Monsieur M\u00e9lanchon \u00e0 des droits, mais aussi des devoirs, comme celui de nous respecter, nous, simples citoyens, nous, qui nous serions retrouv\u00e9s en ge\u00f4le pour moins que \u00e7a\u00a0!<\/p>\n<p>Jean Luc M\u00e9lanchon se retrouve dans la m\u00eame charrette que Fran\u00e7ois Fillon ou Marine Le Pen qu\u2019il d\u00e9non\u00e7ait il y a quelques mois comme \u00e9tant le reflet de la d\u00e9cadence de la r\u00e9publique. La moralit\u00e9 et l\u2019exemplarit\u00e9 que nous r\u00e9clamons va au-del\u00e0 des lois comme l\u2019a d\u00e9montr\u00e9 la parenth\u00e8se \u00ab\u00a0Fran\u00e7ois Fillon\u00a0\u00bb aux \u00e9lections pr\u00e9sidentielles.<\/p>\n<p>A bon entendeur Salut.<\/p>\n","protected":false},"excerpt":{"rendered":"<p>Jean-Luc M\u00e9lanchon a r\u00e9ussi \u00e0 interrompre la perquisition dans les locaux de La France Insoumise, mais \u00e0 quel prix\u00a0! Un comportement honteux, indigne d\u2019un \u00e9lu de la r\u00e9publique. On est en droit de se demander quel inavouable secret voulait pr\u00e9server Jean-Luc M\u00e9lanchon pour en venir \u00e0 de telles extr\u00e9mit\u00e9s et se discr\u00e9diter aupr\u00e8s de l\u2019opinion [&hellip;]<\/p>\n","protected":false},"author":1,"featured_media":0,"comment_status":"open","ping_status":"open","sticky":false,"template":"","format":"standard","meta":[],"categories":[5,7,10],"tags":[],"_links":{"self":[{"href":"https:\/\/clicaclac.com\/index.php\/wp-json\/wp\/v2\/posts\/363"}],"collection":[{"href":"https:\/\/clicaclac.com\/index.php\/wp-json\/wp\/v2\/posts"}],"about":[{"href":"https:\/\/clicaclac.com\/index.php\/wp-json\/wp\/v2\/types\/post"}],"author":[{"embeddable":true,"href":"https:\/\/clicaclac.com\/index.php\/wp-json\/wp\/v2\/users\/1"}],"replies":[{"embeddable":true,"href":"https:\/\/clicaclac.com\/index.php\/wp-json\/wp\/v2\/comments?post=363"}],"version-history":[{"count":7,"href":"https:\/\/clicaclac.com\/index.php\/wp-json\/wp\/v2\/posts\/363\/revisions"}],"predecessor-version":[{"id":371,"href":"https:\/\/clicaclac.com\/index.php\/wp-json\/wp\/v2\/posts\/363\/revisions\/371"}],"wp:attachment":[{"href":"https:\/\/clicaclac.com\/index.php\/wp-json\/wp\/v2\/media?parent=363"}],"wp:term":[{"taxonomy":"category","embeddable":true,"href":"https:\/\/clicaclac.com\/index.php\/wp-json\/wp\/v2\/categories?post=363"},{"taxonomy":"post_tag","embeddable":true,"href":"https:\/\/clicaclac.com\/index.php\/wp-json\/wp\/v2\/tags?post=363"}],"curies":[{"name":"wp","href":"https:\/\/api.w.org\/{rel}","templated":true}]}}