{"id":380,"date":"2018-11-21T01:30:20","date_gmt":"2018-11-21T00:30:20","guid":{"rendered":"http:\/\/clicaclac.com\/?p=380"},"modified":"2018-11-21T01:30:20","modified_gmt":"2018-11-21T00:30:20","slug":"gilets-jaunes-le-gachis","status":"publish","type":"post","link":"https:\/\/clicaclac.com\/index.php\/2018\/11\/21\/gilets-jaunes-le-gachis\/","title":{"rendered":"gilets jaunes le gachis"},"content":{"rendered":"<p>Les Gilets Jaunes sont, en cette p\u00e9riode, le succ\u00e8s d\u2019estime m\u00e9diatique de cet automne.<\/p>\n<p>Un sentiment d\u2019iniquit\u00e9 et d\u2019injustice s\u2019installe, o\u00f9 l\u2019arbitraire semble toujours pencher dans le m\u00eame sens. Cette perception des choses exacerbe ranc\u0153ur, haine, x\u00e9nophobie, homophobie, racisme, aversion des autres et des diff\u00e9rences. Ces Fran\u00e7ais ont d\u00e9velopp\u00e9 une hostilit\u00e9 grandissante envers cette classe politique de nanties. Ils ont aussi d\u00e9velopp\u00e9 le m\u00eame sentiment de rejet et d\u2019animosit\u00e9 envers les Syndicats qui, eux, d\u00e9fendent leur corporation (de syndicat) avant de d\u00e9fendre et de soutenir ceux qui les ont \u00e9lus. Des syndicats qui sont dans la compromissions et qui n\u2019obtiennent jamais rien de tangible.<\/p>\n<figure id=\"attachment_381\" aria-describedby=\"caption-attachment-381\" style=\"width: 1200px\" class=\"wp-caption alignnone\"><img loading=\"lazy\" class=\"wp-image-381 size-full\" src=\"http:\/\/clicaclac.com\/wp-content\/uploads\/2018\/11\/gilets-jaunes.jpg\" alt=\"\" width=\"1200\" height=\"675\" srcset=\"https:\/\/clicaclac.com\/wp-content\/uploads\/2018\/11\/gilets-jaunes.jpg 1200w, https:\/\/clicaclac.com\/wp-content\/uploads\/2018\/11\/gilets-jaunes-300x169.jpg 300w, https:\/\/clicaclac.com\/wp-content\/uploads\/2018\/11\/gilets-jaunes-768x432.jpg 768w, https:\/\/clicaclac.com\/wp-content\/uploads\/2018\/11\/gilets-jaunes-1024x576.jpg 1024w, https:\/\/clicaclac.com\/wp-content\/uploads\/2018\/11\/gilets-jaunes-300x169@2x.jpg 600w\" sizes=\"(max-width: 1200px) 100vw, 1200px\" \/><figcaption id=\"caption-attachment-381\" class=\"wp-caption-text\">Gilets jaunes le Ras le bol<\/figcaption><\/figure>\n<p>Les revendications sont pour le moins disparates et h\u00e9t\u00e9rog\u00e8nes, aucun fil rouge. De l\u2019augmentation du prix de l\u2019essence et celui des taxes, on est pass\u00e9 \u00e0 l\u2019augmentation des imp\u00f4ts pour les retrait\u00e9s, la limitation de vitesse \u00e0 80km\/h, la baisse du pouvoir d\u2019achat, l\u2019augmentation des taxes fonci\u00e8res, la fin du chauffage au fioul, l\u2019interdiction de circulation des voitures trop vieilles \u2026<\/p>\n<p>Les m\u00e9dias ne sont pas innocents dans cette vision pour le moins n\u00e9gative de l\u2019actualit\u00e9 et de la situation \u00e9conomique de la France. Loin de pr\u00e9senter les points positifs et n\u00e9gatifs en permettant \u00e0 tout un chacun de se faire sa propre opinion, les m\u00e9dias cherchent le sensationnel\u00a0!<\/p>\n<p>A l\u2019image de leurs revendications la population des Gilets Jaunes est disparate, dissemblable, contraire, des gens simples qui n\u2019arrivent pas \u00e0 clore les fins de mois, des artisans, des retrait\u00e9s, des commer\u00e7ants et \u2026 des aigris par vocation.<\/p>\n<p>Les solutions propos\u00e9es sont tout autant incertaines, floues que irr\u00e9alistes et d\u00e9magogiques.<\/p>\n<p>Difficile d\u2019\u00e9changer et d\u2019avoir un discours constructif face \u00e0 des gens parfois agressifs qui vous expliquent sans sourciller qu\u2019il faut en m\u00eame temps faire baisser les imp\u00f4ts, augmenter les aides aux plus d\u00e9favoris\u00e9s, avoir des transports en commun gratuits, desservir par le rail plus de petites villes et plus r\u00e9guli\u00e8rement.<\/p>\n<p>Se voulant radicalement hors des partis politiques, les nombreux porte-paroles du mouvement sont souvent proches des extr\u00eames, Insoumis ou Rassemblement National.<\/p>\n<p>Quand les partis politiques comme les Insoumis ou les syndicats ont du mal \u00e0 rassembler plus de 50\u00a0000 personnes, les gilets jaunes ont r\u00e9ussi en agr\u00e9geant les m\u00e9contentements \u00e0 rassembler pr\u00e8s de 300\u00a0000 personnes.<\/p>\n<p>Mais Inconcevable d\u2019avoir un leader quand chaque manifestant d\u00e9fend une cause diff\u00e9rente de son voisin, des revendications n\u2019ont rien de concr\u00e8tes. Sans leader difficile de dialoguer et d\u2019apporter des r\u00e9ponses. Les Gilets Jaunes demandent la r\u00e9duction des taxes, difficile pour eux de demander moins d\u2019imp\u00f4t sur le Revenu, puisque beaucoup en sont exon\u00e9r\u00e9.<\/p>\n<p>Dans ce monde ou les politiques n\u2019osent dire les choses de peur de frustrer et ou de se mettre \u00e0 dos une corporation, une communaut\u00e9 ou une frange de la population, ce mouvement a au moins pour int\u00e9r\u00eat de mettre en lumi\u00e8re quelques aberrations de notre soci\u00e9t\u00e9.<\/p>\n<p>Quelle id\u00e9e saugrenue de lancer un mouvement \u00ab\u00a0Gilet Jaune\u00a0\u00bb, c\u2019est vraiment moche, on confond, les \u00e9boueurs, cantonniers, manifestants, gendarmes. Quelques Gilets oranges se sont int\u00e9gr\u00e9 aux groupe de manifestants. Difficile de dire si cette diff\u00e9rentiation est l\u00e0 pour signifier qu\u2019il s\u2019agit d\u2019un meneur ou d\u2019un effet de style vestimentaire.<\/p>\n<p>Le d\u00e9sespoir conduit \u00e0 la violence et \u00e0 la radicalisation, d\u2019o\u00f9 incidents et accidents presque in\u00e9vitables\u00a0: 2 morts, 500 bless\u00e9s.<\/p>\n<p>Quelle aigreur va ronger ces Gilets Jaunes s\u2019ils ne voient aucune issue \u00e0 leurs revendications, \u00e0 quels extr\u00eames seront conduits les plus frustr\u00e9s les plus d\u00e9sabus\u00e9s\u00a0?<\/p>\n","protected":false},"excerpt":{"rendered":"<p>Les Gilets Jaunes sont, en cette p\u00e9riode, le succ\u00e8s d\u2019estime m\u00e9diatique de cet automne. Un sentiment d\u2019iniquit\u00e9 et d\u2019injustice s\u2019installe, o\u00f9 l\u2019arbitraire semble toujours pencher dans le m\u00eame sens. Cette perception des choses exacerbe ranc\u0153ur, haine, x\u00e9nophobie, homophobie, racisme, aversion des autres et des diff\u00e9rences. Ces Fran\u00e7ais ont d\u00e9velopp\u00e9 une hostilit\u00e9 grandissante envers cette classe [&hellip;]<\/p>\n","protected":false},"author":1,"featured_media":0,"comment_status":"open","ping_status":"open","sticky":false,"template":"","format":"standard","meta":[],"categories":[5,7],"tags":[],"_links":{"self":[{"href":"https:\/\/clicaclac.com\/index.php\/wp-json\/wp\/v2\/posts\/380"}],"collection":[{"href":"https:\/\/clicaclac.com\/index.php\/wp-json\/wp\/v2\/posts"}],"about":[{"href":"https:\/\/clicaclac.com\/index.php\/wp-json\/wp\/v2\/types\/post"}],"author":[{"embeddable":true,"href":"https:\/\/clicaclac.com\/index.php\/wp-json\/wp\/v2\/users\/1"}],"replies":[{"embeddable":true,"href":"https:\/\/clicaclac.com\/index.php\/wp-json\/wp\/v2\/comments?post=380"}],"version-history":[{"count":1,"href":"https:\/\/clicaclac.com\/index.php\/wp-json\/wp\/v2\/posts\/380\/revisions"}],"predecessor-version":[{"id":382,"href":"https:\/\/clicaclac.com\/index.php\/wp-json\/wp\/v2\/posts\/380\/revisions\/382"}],"wp:attachment":[{"href":"https:\/\/clicaclac.com\/index.php\/wp-json\/wp\/v2\/media?parent=380"}],"wp:term":[{"taxonomy":"category","embeddable":true,"href":"https:\/\/clicaclac.com\/index.php\/wp-json\/wp\/v2\/categories?post=380"},{"taxonomy":"post_tag","embeddable":true,"href":"https:\/\/clicaclac.com\/index.php\/wp-json\/wp\/v2\/tags?post=380"}],"curies":[{"name":"wp","href":"https:\/\/api.w.org\/{rel}","templated":true}]}}