{"id":384,"date":"2018-12-12T01:16:37","date_gmt":"2018-12-12T00:16:37","guid":{"rendered":"http:\/\/clicaclac.com\/?p=384"},"modified":"2018-12-12T01:16:37","modified_gmt":"2018-12-12T00:16:37","slug":"le-monde-des-medias-est-un-monde-extraordinaire","status":"publish","type":"post","link":"https:\/\/clicaclac.com\/index.php\/2018\/12\/12\/le-monde-des-medias-est-un-monde-extraordinaire\/","title":{"rendered":"Le monde des m\u00e9dias est un monde extraordinaire\u00a0!!!"},"content":{"rendered":"<p>Une information diffus\u00e9e par les m\u00e9dias et a fortiori au \u00ab\u00a0JT\u00a0\u00bb du Dimanche soir, ne saurai \u00eatre remise en cause. Et pourtant\u00a0!<\/p>\n<p>Ce Dimanche 9 d\u00e9cembre 2018, dans la m\u00eame soir\u00e9e deux journaux t\u00e9l\u00e9vis\u00e9 ont pr\u00e9sent\u00e9 deux visions du manque \u00e0 gagner et cons\u00e9quence \u00e9conomique d\u00fb aux manifestations, exactions, d\u00e9gradations des \u00ab\u00a0Gilets Jaunes\u00a0\u00bb. 10 milliards pour l\u2019un entre 500 millions et 1 milliards pour l\u2019autre\u00a0!<\/p>\n<p>Plus de 13 milliards d&rsquo;euros de pertes, a annonc\u00e9 l\u2019Association nationale des industries alimentaires (ANIA). Pour le d\u00e9l\u00e9gu\u00e9 g\u00e9n\u00e9ral de la F\u00e9d\u00e9ration du commerce et de la distribution, Jacques Creyssel, \u00ab\u00a0Les pertes sont estim\u00e9es \u00e0 1 milliard d&rsquo;euros pour le commerce\u00a0\u00bb<\/p>\n<p><img loading=\"lazy\" class=\"aligncenter wp-image-385 size-full\" src=\"http:\/\/clicaclac.com\/wp-content\/uploads\/2018\/12\/les-m\u00e9dias.jpg\" alt=\"\" width=\"673\" height=\"300\" srcset=\"https:\/\/clicaclac.com\/wp-content\/uploads\/2018\/12\/les-m\u00e9dias.jpg 673w, https:\/\/clicaclac.com\/wp-content\/uploads\/2018\/12\/les-m\u00e9dias-300x134.jpg 300w, https:\/\/clicaclac.com\/wp-content\/uploads\/2018\/12\/les-m\u00e9dias-300x134@2x.jpg 600w\" sizes=\"(max-width: 673px) 100vw, 673px\" \/><\/p>\n<p>La facture des d\u00e9g\u00e2ts caus\u00e9s \u00e0 Paris estim\u00e9 par la Mairie de Paris \u00e0 3 ou 4 millions d\u2019Euros. D\u00e9g\u00e2ts estim\u00e9 \u00e0 1 millions d\u2019Euros pour Toulouse, quid de Marseille, Lyon, Bordeaux\u2026<\/p>\n<p>O\u00f9 vont-ils chercher leurs chiffres et comment peut-on encore faire confiance \u00e0 cette information orient\u00e9e.<\/p>\n<p>Ces m\u00eames journalistes qui pr\u00e9sentent les commentaires des politiques dans le monde sur le mouvement des \u00ab\u00a0Gilets Jaunes\u00a0\u00bb. Qui vont ils chercher\u00a0? Loin de pr\u00e9senter une version objective de la situation ils participent au Macron bashing et \u00e0 la r\u00e9cup\u00e9ration politique chez les populistes et les \u00ab\u00a0extr\u00eames\u00a0\u00bb. \u00a0Donald Trump estimant que le mouvement des gilets jaunes en France \u00e9tait la preuve que l\u2019accord de Paris ne marchait pas. Matteo\u00a0Salvini autre d\u00e9magogue d\u2019extr\u00eame droite qui explique \u00abQui s\u00e8me la pauvret\u00e9 r\u00e9colte les manifestations, qui s\u00e8me les fausses promesses r\u00e9colte la r\u00e9action des p\u00e9riph\u00e9ries et des campagnes.\u00bb. Recep Tayyip Erdo\u011fan le Pr\u00e9sident Turc, expliquant que l\u2019action de la police et des CRS contre les manifestants \u00e9tait plus violente que les actions de maintien de l\u2019ordre en Turquie(sous-entendu la r\u00e9pression contre les minorit\u00e9s et l\u2019opposition politique en Turquie). Geert Wilders leader l\u2019extr\u00eame droite au Pays bas qui met en exergue un Gilets Jaunes sur sa page twitter.<\/p>\n<p>O\u00f9 est l\u2019est l\u2019objectivit\u00e9<\/p>\n","protected":false},"excerpt":{"rendered":"<p>Une information diffus\u00e9e par les m\u00e9dias et a fortiori au \u00ab\u00a0JT\u00a0\u00bb du Dimanche soir, ne saurai \u00eatre remise en cause. Et pourtant\u00a0! Ce Dimanche 9 d\u00e9cembre 2018, dans la m\u00eame soir\u00e9e deux journaux t\u00e9l\u00e9vis\u00e9 ont pr\u00e9sent\u00e9 deux visions du manque \u00e0 gagner et cons\u00e9quence \u00e9conomique d\u00fb aux manifestations, exactions, d\u00e9gradations des \u00ab\u00a0Gilets Jaunes\u00a0\u00bb. 10 milliards [&hellip;]<\/p>\n","protected":false},"author":1,"featured_media":0,"comment_status":"open","ping_status":"open","sticky":false,"template":"","format":"standard","meta":[],"categories":[5,7],"tags":[],"_links":{"self":[{"href":"https:\/\/clicaclac.com\/index.php\/wp-json\/wp\/v2\/posts\/384"}],"collection":[{"href":"https:\/\/clicaclac.com\/index.php\/wp-json\/wp\/v2\/posts"}],"about":[{"href":"https:\/\/clicaclac.com\/index.php\/wp-json\/wp\/v2\/types\/post"}],"author":[{"embeddable":true,"href":"https:\/\/clicaclac.com\/index.php\/wp-json\/wp\/v2\/users\/1"}],"replies":[{"embeddable":true,"href":"https:\/\/clicaclac.com\/index.php\/wp-json\/wp\/v2\/comments?post=384"}],"version-history":[{"count":1,"href":"https:\/\/clicaclac.com\/index.php\/wp-json\/wp\/v2\/posts\/384\/revisions"}],"predecessor-version":[{"id":386,"href":"https:\/\/clicaclac.com\/index.php\/wp-json\/wp\/v2\/posts\/384\/revisions\/386"}],"wp:attachment":[{"href":"https:\/\/clicaclac.com\/index.php\/wp-json\/wp\/v2\/media?parent=384"}],"wp:term":[{"taxonomy":"category","embeddable":true,"href":"https:\/\/clicaclac.com\/index.php\/wp-json\/wp\/v2\/categories?post=384"},{"taxonomy":"post_tag","embeddable":true,"href":"https:\/\/clicaclac.com\/index.php\/wp-json\/wp\/v2\/tags?post=384"}],"curies":[{"name":"wp","href":"https:\/\/api.w.org\/{rel}","templated":true}]}}