{"id":387,"date":"2018-12-15T15:58:28","date_gmt":"2018-12-15T14:58:28","guid":{"rendered":"http:\/\/clicaclac.com\/?p=387"},"modified":"2018-12-15T16:25:00","modified_gmt":"2018-12-15T15:25:00","slug":"un-gachis-bien-francais","status":"publish","type":"post","link":"https:\/\/clicaclac.com\/index.php\/2018\/12\/15\/un-gachis-bien-francais\/","title":{"rendered":"Un g\u00e2chis Bien Fran\u00e7ais"},"content":{"rendered":"<p>Un immense g\u00e2chis\u00a0! tel est la pens\u00e9 d\u2019une majorit\u00e9 de Fran\u00e7ais suite au violences et aux d\u00e9gradations pillages, vandalisme de la saison III et IV des \u00ab\u00a0Gilets Jaunes\u00a0\u00bb.<\/p>\n<p>Oui\u00a0! Les Fran\u00e7ais seraient majoritairement favorables \u00e0 ce mouvement.<\/p>\n<p>Si la question est\u00a0: soutenez-vous l\u2019une des revendications principales des \u00ab\u00a0Gilets Jaunes\u00a0\u00bb\u00a0: payer moins d\u2019imp\u00f4ts, moins de taxes\u00a0! Qui mis \u00e0 part des hypocrites ou id\u00e9ologues ayant une d\u00e9ontologie sociale tr\u00e8s au-dessus de la moyenne, qui r\u00e9pondrait non\u00a0!<\/p>\n<p><img loading=\"lazy\" class=\"aligncenter wp-image-389 size-full\" src=\"http:\/\/clicaclac.com\/wp-content\/uploads\/2018\/12\/Lutte-pouvoir.jpg\" alt=\"\" width=\"720\" height=\"490\" srcset=\"https:\/\/clicaclac.com\/wp-content\/uploads\/2018\/12\/Lutte-pouvoir.jpg 720w, https:\/\/clicaclac.com\/wp-content\/uploads\/2018\/12\/Lutte-pouvoir-300x204.jpg 300w, https:\/\/clicaclac.com\/wp-content\/uploads\/2018\/12\/Lutte-pouvoir-300x204@2x.jpg 600w\" sizes=\"(max-width: 720px) 100vw, 720px\" \/><\/p>\n<p>La question est donc biais\u00e9e elle l\u2019est d\u2019autant plus que vient se greffer \u00e0 la revendication\u00a0: \u00ab\u00a0payer moins d\u2019imp\u00f4ts, moins de taxes\u00a0\u00bb, celle d\u2019avoir \u00ab\u00a0plus de services publiques et de services de proximit\u00e9\u00a0\u00bb. Chacun et chacune y ajoute ses revendications personnelles. Exigence qu\u2019une vie de labeur \u00e0 fait germer et grandir au contact des frustrations, de ranc\u0153urs, de rancunes accumul\u00e9es, se muant en haines contre les autres, les mieux nantis, ceux qui ont r\u00e9ussi. Ils vivent dans cette haine de la diff\u00e9rence entretenue par les m\u00e9dias et les politiques qui vivent dans les si\u00e8cles pass\u00e9s en parlant de lutte des classes. Haine des plus fortun\u00e9s, caricatur\u00e9s en capitalistes cupides incapables d\u2019empathie. Les r\u00e9seaux sociaux, les m\u00e9dias, les reality show\u2026 ne faisant qu\u2019aiguiser les diff\u00e9rences en laissant \u00e0 penser qu\u2019ailleurs les gens vivent dans l\u2019opulence, sans souffrance, ne travaillant que pour le plaisir et quand l\u2019envie leur prend.<\/p>\n<p>Qui osera briser le tabou, qui osera leur dire que la vie est dure pour tous et que tous nous nous levons le matin pour aller travailler. Qu\u2019un travail de bureau n\u2019est ni plus ni moins gratifiant qu\u2019un travail manuel. Qu\u2019un comptable serait bien incapable de faire le travail d\u2019un carrossier et que l\u2019un comme l\u2019autre m\u00e9tier demande des ann\u00e9es de pratique avant d\u2019en acqu\u00e9rir la maitrise. Que tous sont n\u00e9cessaires \u00e0 la communaut\u00e9 et que c\u2019est la conviction que l\u2019on met dans chaque acte du quotidien qui rend la vie belle et non l\u2019aigreur de voir un voisin diff\u00e9rent.<\/p>\n<p>La diff\u00e9rence, en voil\u00e0 un mot\u00a0! Une pens\u00e9e qui ravage tout sur son passage\u00a0! c\u2019est au nom de cette diff\u00e9rence que l\u2019on a tu\u00e9 et que l\u2019on tue encore et toujours. Nous sommes tous diff\u00e9rents et rien ni personne ne saurait changer cet \u00e9tat de fait. Diff\u00e9rent de nature, physiquement, diff\u00e9rent de temp\u00e9rament ou de religion, de culture, de langue, de couleur, d\u2019aspirations sexuelles\u2026<\/p>\n<p>Dissemblables nous le sommes, nous le resterons et cela est bien et nous conduit \u00e0 des m\u00e9tiers et des aspirations diff\u00e9rentes. Nous n\u2019aimons pas les m\u00eames choses ni les m\u00eames personnes et cela est sain.<\/p>\n<p>Aucun arbitraire ne saura nous imposer par la force une quelconque \u00e9galit\u00e9. Nos aspirations, nos envies, nos capacit\u00e9s, nos besoins sont diff\u00e9rents. Aucune id\u00e9ologie, aucun concept, aucun dogme ne saurait nous conduire \u00e0 l\u2019\u00e9galit\u00e9, il faudrait \u00eatre fou pour penser diff\u00e9remment. On ne construit pas une soci\u00e9t\u00e9 par la domination et l\u2019oppression des autres fussent-elles dans le suppos\u00e9 int\u00e9r\u00eat g\u00e9n\u00e9ral.<\/p>\n<p>&nbsp;<\/p>\n<p>Les hommes sont ambivalents et contradictoires, toujours \u00e0 la recherche de l\u2019\u00e9quilibre, ce qui n\u2019est pas chose ais\u00e9e. On remarque les m\u00eames antagonismes, les m\u00eames contradictions dans les reproches, les r\u00e9probations face \u00a0aux postures d\u2019 Emmanuel Macron. On le dit Jupit\u00e9rien, omnipr\u00e9sent, voulant avoir la main sur tout et communiquer sur tout. Quand il se tait, les m\u00eames voix s\u2019\u00e9l\u00e8vent pour fustiger des attitudes de m\u00e9pris et de monarque. Pourtant c\u2019est vers lui que se tournent les \u00ab\u00a0Gilets jaunes\u00a0\u00bb pour arbitrer, d\u00e9cider, c\u2019est de lui qu\u2019ils attendent un geste comme s\u2019il avait tout pouvoir, s\u2019il \u00e9tait un \u00eatre Omnipotent qui d\u2019un coup de baguette magique serait capable de gommer les in\u00e9galit\u00e9s, d\u2019apporter richesse travail et bonheur\u2026<\/p>\n<p>L\u2019Etat providence n\u2019existe pas\u00a0! Les pays o\u00f9 une gouvernance socialist<u>e<\/u> a \u00e9t\u00e9 mise en place, en ont apport\u00e9 la preuve, opprimant le peuple, supprimant les intellectuels les \u00e9lites et toutes traces de culture pour mieux pouvoir asservir.<\/p>\n<p>Deux France s\u2019opposent, et ne pourront se r\u00e9concilier que si on met \u00e0 bas la lutte des classes, c\u2019est-\u00e0-dire tant que nous opposerons patrons et ouvrier. Nous sommes tous patron et ouvrier \u00e0 la fois et il n\u2019y aucune honte \u00e0 \u00eatre l\u2019un et l\u2019autre. Nous sommes chacun \u00e0 notre niveau patron de notre activit\u00e9, tous ouvrier de l\u2019\u00e9volution de notre p\u00e9rim\u00e8tre d\u2019actions, force de proposition et d\u2019ouverture vers un avenir diff\u00e9rent, qui se voudrait meilleur. Comment r\u00e9concilier ces Frances diff\u00e9rentes et compl\u00e9mentaires tant que nous n\u2019aurons pas neutralis\u00e9 et asphyxi\u00e9 de nos corps la jalousie, ce mal visc\u00e9ral qui empoisonne et pourrit tout. La France est un pays de paradoxes o\u00f9 depuis des d\u00e9cennies il est honteux d\u2019\u00eatre riche, de r\u00e9ussir, d\u2019avoir de l\u2019argent, de d\u00e9tenir un pouvoir.<\/p>\n<p>Qu\u2019est-ce qu\u2019un riche\u00a0? Quelqu\u2019un qui a plus d\u2019argent que vous\u00a0! Bien entendu personne n\u2019oserait s\u2019aventurer \u00e0 parler de jalousie. Il s\u2019agit d\u2019une vision objective et l\u00e9gitime des choses. On ne nait ni \u00ab\u00a0sans dents\u00a0\u00bb comme disait Fran\u00e7ois Hollande, ni riche. On nait homme et ce sont l\u2019\u00e9ducation et le savoir qui nous fa\u00e7onnent. La culture nous rend diff\u00e8rent pour nous accompagner, non pour revendiquer mais pour nous rendre conscient du fait qu\u2019il n\u2019y a pas sup\u00e9riorit\u00e9 dans la diff\u00e9rence. L\u2019excellence ne place pas un Sportif au-dessus d\u2019un homme qui ne l\u2019est pas, un intellectuel n\u2019est pas sup\u00e9rieur \u00e0 un manuel, un \u00ab\u00a0riche\u00a0\u00bb <a href=\"http:\/\/www.synonymes.com\/synonyme.php?mot=pr%E9%E9minent\">pr\u00e9\u00e9minent<\/a> sur un moins riche.<\/p>\n<p>La culture doit nous permettre de trouver la bonne \u00e9nergie, non l\u2019\u00e9nergie n\u00e9gative qui d\u00e9truit, spolie et ravage, mais celle qui accompagne construit, assemble. Non celle qui lutte \u00ab\u00a0contre\u00a0\u00bb les gouvernances \u00ab\u00a0contre\u00a0\u00bb les autres\u2026 mais celle qui permet de s\u2019\u00e9lever \u00ab\u00a0pour\u00a0\u00bb et avec les autres, pour cr\u00e9er, imaginer, d\u00e9velopper\u2026un avenir commun\u2026<\/p>\n","protected":false},"excerpt":{"rendered":"<p>Un immense g\u00e2chis\u00a0! tel est la pens\u00e9 d\u2019une majorit\u00e9 de Fran\u00e7ais suite au violences et aux d\u00e9gradations pillages, vandalisme de la saison III et IV des \u00ab\u00a0Gilets Jaunes\u00a0\u00bb. Oui\u00a0! Les Fran\u00e7ais seraient majoritairement favorables \u00e0 ce mouvement. Si la question est\u00a0: soutenez-vous l\u2019une des revendications principales des \u00ab\u00a0Gilets Jaunes\u00a0\u00bb\u00a0: payer moins d\u2019imp\u00f4ts, moins de taxes\u00a0! [&hellip;]<\/p>\n","protected":false},"author":1,"featured_media":0,"comment_status":"open","ping_status":"open","sticky":false,"template":"","format":"standard","meta":[],"categories":[5,7],"tags":[],"_links":{"self":[{"href":"https:\/\/clicaclac.com\/index.php\/wp-json\/wp\/v2\/posts\/387"}],"collection":[{"href":"https:\/\/clicaclac.com\/index.php\/wp-json\/wp\/v2\/posts"}],"about":[{"href":"https:\/\/clicaclac.com\/index.php\/wp-json\/wp\/v2\/types\/post"}],"author":[{"embeddable":true,"href":"https:\/\/clicaclac.com\/index.php\/wp-json\/wp\/v2\/users\/1"}],"replies":[{"embeddable":true,"href":"https:\/\/clicaclac.com\/index.php\/wp-json\/wp\/v2\/comments?post=387"}],"version-history":[{"count":1,"href":"https:\/\/clicaclac.com\/index.php\/wp-json\/wp\/v2\/posts\/387\/revisions"}],"predecessor-version":[{"id":390,"href":"https:\/\/clicaclac.com\/index.php\/wp-json\/wp\/v2\/posts\/387\/revisions\/390"}],"wp:attachment":[{"href":"https:\/\/clicaclac.com\/index.php\/wp-json\/wp\/v2\/media?parent=387"}],"wp:term":[{"taxonomy":"category","embeddable":true,"href":"https:\/\/clicaclac.com\/index.php\/wp-json\/wp\/v2\/categories?post=387"},{"taxonomy":"post_tag","embeddable":true,"href":"https:\/\/clicaclac.com\/index.php\/wp-json\/wp\/v2\/tags?post=387"}],"curies":[{"name":"wp","href":"https:\/\/api.w.org\/{rel}","templated":true}]}}